{"id":10976,"date":"2022-09-02T11:24:54","date_gmt":"2022-09-02T16:24:54","guid":{"rendered":"https:\/\/icazalaw.com\/?p=10976"},"modified":"2024-08-09T17:31:03","modified_gmt":"2024-08-09T22:31:03","slug":"gran-salon-inmobiliario","status":"publish","type":"post","link":"https:\/\/icazalaw.com\/es\/2022\/09\/gran-salon-inmobiliario\/","title":{"rendered":"Icaza, Gonz\u00e1lez-Ruiz &#038; Alem\u00e1n participa en el XVI Gran Sal\u00f3n Inmobiliario"},"content":{"rendered":"<p>&nbsp;<\/p>\n<h4><strong><span style=\"color: #8d0e57;\">Junto con la empresa Inmobiliaria Alpha Group, Icaza, Gonz\u00e1lez-Ruiz &amp; Alem\u00e1n particip\u00f3 en el XVI Gran Sal\u00f3n Inmobiliario en Colombia.<\/span><\/strong><\/h4>\n<div class=\"vc_row wpb_row vc_row-fluid\">\n<div class=\"wpb_column vc_column_container vc_col-sm-12\">\n<div class=\"vc_column-inner \">\n<div class=\"wpb_wrapper\">\n<div class=\"wpb_text_column wpb_content_element \">\n<div class=\"wpb_wrapper\">\n<div class=\"vc_row wpb_row vc_row-fluid\">\n<div class=\"wpb_column vc_column_container vc_col-sm-12\">\n<div class=\"vc_column-inner \">\n<div class=\"wpb_wrapper\">\n<div class=\"wpb_text_column wpb_content_element \">\n<div class=\"wpb_wrapper\">\n<p style=\"text-align: justify;\">Nuestra socia <a href=\"https:\/\/icazalaw.com\/es\/team\/ana-graciela-medina\/\" target=\"_blank\" rel=\"noopener\"><strong>Ana Graciela Medina <\/strong><\/a>y nuestra asociada <a href=\"https:\/\/icazalaw.com\/es\/team\/ayleen-quintero\/\" target=\"_blank\" rel=\"noopener\"><strong>Ayleen Quintero<\/strong><\/a>, especialistas en Derecho Inmobiliario y Migratorio participaron en el XVI Gran Sal\u00f3n Inmobiliario en Bogot\u00e1, Colombia, del 18 al 21 de agosto. En el marco de la celebraci\u00f3n de dicho evento, tambi\u00e9n participaron en un c\u00f3ctel en el exclusivo Club El Nogal, donde presentaron los beneficios de los Programas de Residencia en Panam\u00e1. <span style=\"color: #000000;\">Junto con la empresa inmobiliaria Alpha Group, tambi\u00e9n se presentaron las mejores opciones inmobiliarias y las \u00e1reas de mayor retorno en el pa\u00eds. Vea m\u00e1s de nuestra participaci\u00f3n en el evento en la galer\u00eda de im\u00e1genes.<\/span><\/p>\n<\/div>\n<\/div>\n<p>&nbsp;<\/p>\n<p style=\"text-align: justify;\">Si desea conocer m\u00e1s sobre las opciones de inversi\u00f3n en bienes inmuebles, sus retornos y los programas de residencia relacionados con este tipo de inversi\u00f3n, los invitamos al Webinar: Inversiones Inmobiliarias y Residencia en Panam\u00e1 este <strong>mi\u00e9rcoles, 7 de septiembre a las 11:00<\/strong>. Reg\u00edstrese haciendo clic en el bot\u00f3n de registro.<\/p>\n<\/div>\n<\/div>\n<\/div>\n<\/div>\n<\/div>\n<\/div>\n<\/div>\n<\/div>\n<\/div>\n<\/div>\n","protected":false},"excerpt":{"rendered":"<p>&nbsp; Junto con la empresa Inmobiliaria Alpha Group, Icaza, Gonz\u00e1lez-Ruiz &amp; Alem\u00e1n particip\u00f3 en el XVI Gran Sal\u00f3n<span class=\"excerpt-hellip\"> [\u2026]<\/span><\/p>\n","protected":false},"author":3,"featured_media":10987,"comment_status":"open","ping_status":"open","sticky":false,"template":"","format":"standard","meta":{"_joinchat":[],"footnotes":""},"categories":[1173],"tags":[1008,803,1025,1014,1026,799,800,1004,1023,1027,1028],"class_list":["post-10976","post","type-post","status-publish","format-standard","has-post-thumbnail","hentry","category-noticias-2","tag-ana-graciela-medina-es","tag-ayleen-quintero-es","tag-club-el-nogal-es","tag-inversion-es","tag-inversionista-calificado-es","tag-migracion-es","tag-panama-es","tag-residencia-es","tag-residencia-en-panama-es","tag-residencia-permanente-es","tag-xvi-gran-salon-inmobiliario-es"],"yoast_head":"<!-- This site is optimized with the Yoast SEO Premium plugin v27.4 (Yoast SEO v27.4) - https:\/\/yoast.com\/product\/yoast-seo-premium-wordpress\/ -->\n<title>Icaza, Gonz\u00e1lez-Ruiz &amp; Alem\u00e1n participa en el XVI Gran Sal\u00f3n Inmobiliario - Icaza, Gonz\u00e1lez-Ruiz &amp; Alem\u00e1n<\/title>\n<meta name=\"description\" content=\"Icaza, Gonz\u00e1lez-Ruiz &amp; Alem\u00e1n particip\u00f3 en el XVI Gran Sal\u00f3n Inmobiliario presentando las opciones de Residencia en Panam\u00e1 por inversi\u00f3n...\" \/>\n<meta name=\"robots\" content=\"index, follow, max-snippet:-1, max-image-preview:large, max-video-preview:-1\" \/>\n<link rel=\"canonical\" href=\"https:\/\/icazalaw.com\/es\/2022\/09\/gran-salon-inmobiliario\/\" \/>\n<meta property=\"og:locale\" content=\"es_ES\" \/>\n<meta property=\"og:type\" content=\"article\" \/>\n<meta property=\"og:title\" content=\"Icaza, Gonz\u00e1lez-Ruiz &amp; Alem\u00e1n participa en el XVI Gran Sal\u00f3n Inmobiliario\" \/>\n<meta property=\"og:description\" content=\"Icaza, Gonz\u00e1lez-Ruiz &amp; Alem\u00e1n particip\u00f3 en el XVI Gran Sal\u00f3n Inmobiliario presentando las opciones de Residencia en Panam\u00e1 por inversi\u00f3n...\" \/>\n<meta property=\"og:url\" content=\"https:\/\/icazalaw.com\/es\/2022\/09\/gran-salon-inmobiliario\/\" \/>\n<meta property=\"og:site_name\" content=\"Icaza, Gonz\u00e1lez-Ruiz &amp; Alem\u00e1n\" \/>\n<meta property=\"article:published_time\" content=\"2022-09-02T16:24:54+00:00\" \/>\n<meta property=\"article:modified_time\" content=\"2024-08-09T22:31:03+00:00\" \/>\n<meta name=\"author\" content=\"adminwp\" \/>\n<meta name=\"twitter:card\" content=\"summary_large_image\" \/>\n<meta name=\"twitter:label1\" content=\"Escrito por\" \/>\n\t<meta name=\"twitter:data1\" content=\"adminwp\" \/>\n\t<meta name=\"twitter:label2\" content=\"Tiempo de lectura\" \/>\n\t<meta name=\"twitter:data2\" content=\"1 minuto\" \/>\n<script type=\"application\/ld+json\" class=\"yoast-schema-graph\">{\"@context\":\"https:\\\/\\\/schema.org\",\"@graph\":[{\"@type\":\"Article\",\"@id\":\"https:\\\/\\\/icazalaw.com\\\/es\\\/2022\\\/09\\\/gran-salon-inmobiliario\\\/#article\",\"isPartOf\":{\"@id\":\"https:\\\/\\\/icazalaw.com\\\/es\\\/2022\\\/09\\\/gran-salon-inmobiliario\\\/\"},\"author\":{\"name\":\"adminwp\",\"@id\":\"https:\\\/\\\/icazalaw.com\\\/es\\\/#\\\/schema\\\/person\\\/9f30953c2b4024e7d8032290b9723d3d\"},\"headline\":\"Icaza, Gonz\u00e1lez-Ruiz &#038; Alem\u00e1n participa en el XVI Gran Sal\u00f3n Inmobiliario\",\"datePublished\":\"2022-09-02T16:24:54+00:00\",\"dateModified\":\"2024-08-09T22:31:03+00:00\",\"mainEntityOfPage\":{\"@id\":\"https:\\\/\\\/icazalaw.com\\\/es\\\/2022\\\/09\\\/gran-salon-inmobiliario\\\/\"},\"wordCount\":200,\"commentCount\":0,\"image\":{\"@id\":\"https:\\\/\\\/icazalaw.com\\\/es\\\/2022\\\/09\\\/gran-salon-inmobiliario\\\/#primaryimage\"},\"thumbnailUrl\":\"\",\"keywords\":[\"Ana Graciela Medina\",\"Ayleen Quintero\",\"Club El Nogal\",\"Inversi\u00f3n\",\"Inversionista Calificado\",\"Migraci\u00f3n\",\"Panama\",\"Residencia\",\"Residencia en Panam\u00e1\",\"Residencia Permanente\",\"XVI Gran Sal\u00f3n Inmobiliario\"],\"articleSection\":[\"Noticias\"],\"inLanguage\":\"es\",\"potentialAction\":[{\"@type\":\"CommentAction\",\"name\":\"Comment\",\"target\":[\"https:\\\/\\\/icazalaw.com\\\/es\\\/2022\\\/09\\\/gran-salon-inmobiliario\\\/#respond\"]}]},{\"@type\":\"WebPage\",\"@id\":\"https:\\\/\\\/icazalaw.com\\\/es\\\/2022\\\/09\\\/gran-salon-inmobiliario\\\/\",\"url\":\"https:\\\/\\\/icazalaw.com\\\/es\\\/2022\\\/09\\\/gran-salon-inmobiliario\\\/\",\"name\":\"Icaza, Gonz\u00e1lez-Ruiz & Alem\u00e1n participa en el XVI Gran Sal\u00f3n Inmobiliario - Icaza, Gonz\u00e1lez-Ruiz &amp; Alem\u00e1n\",\"isPartOf\":{\"@id\":\"https:\\\/\\\/icazalaw.com\\\/es\\\/#website\"},\"primaryImageOfPage\":{\"@id\":\"https:\\\/\\\/icazalaw.com\\\/es\\\/2022\\\/09\\\/gran-salon-inmobiliario\\\/#primaryimage\"},\"image\":{\"@id\":\"https:\\\/\\\/icazalaw.com\\\/es\\\/2022\\\/09\\\/gran-salon-inmobiliario\\\/#primaryimage\"},\"thumbnailUrl\":\"\",\"datePublished\":\"2022-09-02T16:24:54+00:00\",\"dateModified\":\"2024-08-09T22:31:03+00:00\",\"author\":{\"@id\":\"https:\\\/\\\/icazalaw.com\\\/es\\\/#\\\/schema\\\/person\\\/9f30953c2b4024e7d8032290b9723d3d\"},\"description\":\"Icaza, Gonz\u00e1lez-Ruiz & Alem\u00e1n particip\u00f3 en el XVI Gran Sal\u00f3n Inmobiliario presentando las opciones de Residencia en Panam\u00e1 por inversi\u00f3n...\",\"breadcrumb\":{\"@id\":\"https:\\\/\\\/icazalaw.com\\\/es\\\/2022\\\/09\\\/gran-salon-inmobiliario\\\/#breadcrumb\"},\"inLanguage\":\"es\",\"potentialAction\":[{\"@type\":\"ReadAction\",\"target\":[\"https:\\\/\\\/icazalaw.com\\\/es\\\/2022\\\/09\\\/gran-salon-inmobiliario\\\/\"]}]},{\"@type\":\"ImageObject\",\"inLanguage\":\"es\",\"@id\":\"https:\\\/\\\/icazalaw.com\\\/es\\\/2022\\\/09\\\/gran-salon-inmobiliario\\\/#primaryimage\",\"url\":\"\",\"contentUrl\":\"\"},{\"@type\":\"BreadcrumbList\",\"@id\":\"https:\\\/\\\/icazalaw.com\\\/es\\\/2022\\\/09\\\/gran-salon-inmobiliario\\\/#breadcrumb\",\"itemListElement\":[{\"@type\":\"ListItem\",\"position\":1,\"name\":\"Home\",\"item\":\"https:\\\/\\\/icazalaw.com\\\/es\\\/\"},{\"@type\":\"ListItem\",\"position\":2,\"name\":\"Icaza, Gonz\u00e1lez-Ruiz &#038; Alem\u00e1n participa en el XVI Gran Sal\u00f3n Inmobiliario\"}]},{\"@type\":\"WebSite\",\"@id\":\"https:\\\/\\\/icazalaw.com\\\/es\\\/#website\",\"url\":\"https:\\\/\\\/icazalaw.com\\\/es\\\/\",\"name\":\"Icaza, Gonz\u00e1lez-Ruiz &amp; Alem\u00e1n\",\"description\":\"Full-service law firm providing practical legal solutions to corporate and private clients worldwide.\",\"alternateName\":\"IGRA Attorneys\",\"potentialAction\":[{\"@type\":\"SearchAction\",\"target\":{\"@type\":\"EntryPoint\",\"urlTemplate\":\"https:\\\/\\\/icazalaw.com\\\/es\\\/?s={search_term_string}\"},\"query-input\":{\"@type\":\"PropertyValueSpecification\",\"valueRequired\":true,\"valueName\":\"search_term_string\"}}],\"inLanguage\":\"es\"},{\"@type\":\"Person\",\"@id\":\"https:\\\/\\\/icazalaw.com\\\/es\\\/#\\\/schema\\\/person\\\/9f30953c2b4024e7d8032290b9723d3d\",\"name\":\"adminwp\",\"image\":{\"@type\":\"ImageObject\",\"inLanguage\":\"es\",\"@id\":\"https:\\\/\\\/secure.gravatar.com\\\/avatar\\\/4c3ec153269f6151e6124fc3888e853346eab7cb1ea6d204d68094ea49070d99?s=96&d=mm&r=g\",\"url\":\"https:\\\/\\\/secure.gravatar.com\\\/avatar\\\/4c3ec153269f6151e6124fc3888e853346eab7cb1ea6d204d68094ea49070d99?s=96&d=mm&r=g\",\"contentUrl\":\"https:\\\/\\\/secure.gravatar.com\\\/avatar\\\/4c3ec153269f6151e6124fc3888e853346eab7cb1ea6d204d68094ea49070d99?s=96&d=mm&r=g\",\"caption\":\"adminwp\"},\"url\":\"https:\\\/\\\/icazalaw.com\\\/es\\\/author\\\/adminwp\\\/\"}]}<\/script>\n<!-- \/ Yoast SEO Premium plugin. -->","yoast_head_json":{"title":"Icaza, Gonz\u00e1lez-Ruiz & Alem\u00e1n participa en el XVI Gran Sal\u00f3n Inmobiliario - Icaza, Gonz\u00e1lez-Ruiz &amp; Alem\u00e1n","description":"Icaza, Gonz\u00e1lez-Ruiz & Alem\u00e1n particip\u00f3 en el XVI Gran Sal\u00f3n Inmobiliario presentando las opciones de Residencia en Panam\u00e1 por inversi\u00f3n...","robots":{"index":"index","follow":"follow","max-snippet":"max-snippet:-1","max-image-preview":"max-image-preview:large","max-video-preview":"max-video-preview:-1"},"canonical":"https:\/\/icazalaw.com\/es\/2022\/09\/gran-salon-inmobiliario\/","og_locale":"es_ES","og_type":"article","og_title":"Icaza, Gonz\u00e1lez-Ruiz & Alem\u00e1n participa en el XVI Gran Sal\u00f3n Inmobiliario","og_description":"Icaza, Gonz\u00e1lez-Ruiz & Alem\u00e1n particip\u00f3 en el XVI Gran Sal\u00f3n Inmobiliario presentando las opciones de Residencia en Panam\u00e1 por inversi\u00f3n...","og_url":"https:\/\/icazalaw.com\/es\/2022\/09\/gran-salon-inmobiliario\/","og_site_name":"Icaza, Gonz\u00e1lez-Ruiz &amp; Alem\u00e1n","article_published_time":"2022-09-02T16:24:54+00:00","article_modified_time":"2024-08-09T22:31:03+00:00","author":"adminwp","twitter_card":"summary_large_image","twitter_misc":{"Escrito por":"adminwp","Tiempo de lectura":"1 minuto"},"schema":{"@context":"https:\/\/schema.org","@graph":[{"@type":"Article","@id":"https:\/\/icazalaw.com\/es\/2022\/09\/gran-salon-inmobiliario\/#article","isPartOf":{"@id":"https:\/\/icazalaw.com\/es\/2022\/09\/gran-salon-inmobiliario\/"},"author":{"name":"adminwp","@id":"https:\/\/icazalaw.com\/es\/#\/schema\/person\/9f30953c2b4024e7d8032290b9723d3d"},"headline":"Icaza, Gonz\u00e1lez-Ruiz &#038; Alem\u00e1n participa en el XVI Gran Sal\u00f3n Inmobiliario","datePublished":"2022-09-02T16:24:54+00:00","dateModified":"2024-08-09T22:31:03+00:00","mainEntityOfPage":{"@id":"https:\/\/icazalaw.com\/es\/2022\/09\/gran-salon-inmobiliario\/"},"wordCount":200,"commentCount":0,"image":{"@id":"https:\/\/icazalaw.com\/es\/2022\/09\/gran-salon-inmobiliario\/#primaryimage"},"thumbnailUrl":"","keywords":["Ana Graciela Medina","Ayleen Quintero","Club El Nogal","Inversi\u00f3n","Inversionista Calificado","Migraci\u00f3n","Panama","Residencia","Residencia en Panam\u00e1","Residencia Permanente","XVI Gran Sal\u00f3n Inmobiliario"],"articleSection":["Noticias"],"inLanguage":"es","potentialAction":[{"@type":"CommentAction","name":"Comment","target":["https:\/\/icazalaw.com\/es\/2022\/09\/gran-salon-inmobiliario\/#respond"]}]},{"@type":"WebPage","@id":"https:\/\/icazalaw.com\/es\/2022\/09\/gran-salon-inmobiliario\/","url":"https:\/\/icazalaw.com\/es\/2022\/09\/gran-salon-inmobiliario\/","name":"Icaza, Gonz\u00e1lez-Ruiz & Alem\u00e1n participa en el XVI Gran Sal\u00f3n Inmobiliario - Icaza, Gonz\u00e1lez-Ruiz &amp; Alem\u00e1n","isPartOf":{"@id":"https:\/\/icazalaw.com\/es\/#website"},"primaryImageOfPage":{"@id":"https:\/\/icazalaw.com\/es\/2022\/09\/gran-salon-inmobiliario\/#primaryimage"},"image":{"@id":"https:\/\/icazalaw.com\/es\/2022\/09\/gran-salon-inmobiliario\/#primaryimage"},"thumbnailUrl":"","datePublished":"2022-09-02T16:24:54+00:00","dateModified":"2024-08-09T22:31:03+00:00","author":{"@id":"https:\/\/icazalaw.com\/es\/#\/schema\/person\/9f30953c2b4024e7d8032290b9723d3d"},"description":"Icaza, Gonz\u00e1lez-Ruiz & Alem\u00e1n particip\u00f3 en el XVI Gran Sal\u00f3n Inmobiliario presentando las opciones de Residencia en Panam\u00e1 por inversi\u00f3n...","breadcrumb":{"@id":"https:\/\/icazalaw.com\/es\/2022\/09\/gran-salon-inmobiliario\/#breadcrumb"},"inLanguage":"es","potentialAction":[{"@type":"ReadAction","target":["https:\/\/icazalaw.com\/es\/2022\/09\/gran-salon-inmobiliario\/"]}]},{"@type":"ImageObject","inLanguage":"es","@id":"https:\/\/icazalaw.com\/es\/2022\/09\/gran-salon-inmobiliario\/#primaryimage","url":"","contentUrl":""},{"@type":"BreadcrumbList","@id":"https:\/\/icazalaw.com\/es\/2022\/09\/gran-salon-inmobiliario\/#breadcrumb","itemListElement":[{"@type":"ListItem","position":1,"name":"Home","item":"https:\/\/icazalaw.com\/es\/"},{"@type":"ListItem","position":2,"name":"Icaza, Gonz\u00e1lez-Ruiz &#038; Alem\u00e1n participa en el XVI Gran Sal\u00f3n Inmobiliario"}]},{"@type":"WebSite","@id":"https:\/\/icazalaw.com\/es\/#website","url":"https:\/\/icazalaw.com\/es\/","name":"Icaza, Gonz\u00e1lez-Ruiz &amp; Alem\u00e1n","description":"Full-service law firm providing practical legal solutions to corporate and private clients worldwide.","alternateName":"IGRA Attorneys","potentialAction":[{"@type":"SearchAction","target":{"@type":"EntryPoint","urlTemplate":"https:\/\/icazalaw.com\/es\/?s={search_term_string}"},"query-input":{"@type":"PropertyValueSpecification","valueRequired":true,"valueName":"search_term_string"}}],"inLanguage":"es"},{"@type":"Person","@id":"https:\/\/icazalaw.com\/es\/#\/schema\/person\/9f30953c2b4024e7d8032290b9723d3d","name":"adminwp","image":{"@type":"ImageObject","inLanguage":"es","@id":"https:\/\/secure.gravatar.com\/avatar\/4c3ec153269f6151e6124fc3888e853346eab7cb1ea6d204d68094ea49070d99?s=96&d=mm&r=g","url":"https:\/\/secure.gravatar.com\/avatar\/4c3ec153269f6151e6124fc3888e853346eab7cb1ea6d204d68094ea49070d99?s=96&d=mm&r=g","contentUrl":"https:\/\/secure.gravatar.com\/avatar\/4c3ec153269f6151e6124fc3888e853346eab7cb1ea6d204d68094ea49070d99?s=96&d=mm&r=g","caption":"adminwp"},"url":"https:\/\/icazalaw.com\/es\/author\/adminwp\/"}]}},"_links":{"self":[{"href":"https:\/\/icazalaw.com\/es\/wp-json\/wp\/v2\/posts\/10976","targetHints":{"allow":["GET"]}}],"collection":[{"href":"https:\/\/icazalaw.com\/es\/wp-json\/wp\/v2\/posts"}],"about":[{"href":"https:\/\/icazalaw.com\/es\/wp-json\/wp\/v2\/types\/post"}],"author":[{"embeddable":true,"href":"https:\/\/icazalaw.com\/es\/wp-json\/wp\/v2\/users\/3"}],"replies":[{"embeddable":true,"href":"https:\/\/icazalaw.com\/es\/wp-json\/wp\/v2\/comments?post=10976"}],"version-history":[{"count":0,"href":"https:\/\/icazalaw.com\/es\/wp-json\/wp\/v2\/posts\/10976\/revisions"}],"wp:featuredmedia":[{"embeddable":true,"href":"https:\/\/icazalaw.com\/es\/wp-json\/"}],"wp:attachment":[{"href":"https:\/\/icazalaw.com\/es\/wp-json\/wp\/v2\/media?parent=10976"}],"wp:term":[{"taxonomy":"category","embeddable":true,"href":"https:\/\/icazalaw.com\/es\/wp-json\/wp\/v2\/categories?post=10976"},{"taxonomy":"post_tag","embeddable":true,"href":"https:\/\/icazalaw.com\/es\/wp-json\/wp\/v2\/tags?post=10976"}],"curies":[{"name":"wp","href":"https:\/\/api.w.org\/{rel}","templated":true}]}}