{"id":12249,"date":"2023-04-14T18:03:10","date_gmt":"2023-04-14T23:03:10","guid":{"rendered":"https:\/\/icazalaw.com\/?p=12216"},"modified":"2024-07-12T12:46:48","modified_gmt":"2024-07-12T17:46:48","slug":"decreto-ejecutivo-no-6-de-13-de-abril-de-2023-que-regula-la-migracion-laboral","status":"publish","type":"post","link":"https:\/\/icazalaw.com\/es\/2023\/04\/decreto-ejecutivo-no-6-de-13-de-abril-de-2023-que-regula-la-migracion-laboral\/","title":{"rendered":"Decreto Ejecutivo No. 6 de 13 de abril de 2023 que regula la Migraci\u00f3n Laboral"},"content":{"rendered":"\n<h3 class=\"wp-block-heading\"><strong><span style=\"color: #993366;\">Conozca los cambios m\u00e1s relevantes del Decreto Ejecutivo No. 6 del 13 de abril de 2023 que regula la Migraci\u00f3n Laboral<\/span><\/strong><\/h3>\n\n\n<div class=\"wp-block-image\">\n<figure class=\"alignleft size-full is-resized\"><img decoding=\"async\" width=\"285\" height=\"300\" src=\"https:\/\/icazalaw.com\/wp-content\/uploads\/2023\/04\/AYLEEN-QUINTERO-285x300-1.png\" alt=\"\" class=\"wp-image-17943\" style=\"aspect-ratio:1;width:356px;height:auto\" srcset=\"https:\/\/icazalaw.com\/wp-content\/uploads\/2023\/04\/AYLEEN-QUINTERO-285x300-1.png 285w, https:\/\/icazalaw.com\/wp-content\/uploads\/2023\/04\/AYLEEN-QUINTERO-285x300-1-71x75.png 71w\" sizes=\"(max-width:767px) 285px, 285px\" \/><\/figure>\n<\/div>\n\n\n<p><strong>Por: <a href=\"https:\/\/icazalaw.com\/es\/team\/ayleen-quintero\/\" target=\"_blank\" rel=\"noopener\">Alyeen Quintero &#8211; Asociada<\/a><\/strong><\/p>\n\n\n\n<p>El Decreto Ejecutivo No. 4 de 2 de marzo de 2023 (en adelante \u201cDecreto 4\u201d), controvertido por los cambios que implementaba en varios de sus art\u00edculos en materia de contrataciones de trabajadores extranjeros, ha sido recientemente derogado y subrogado por el Decreto Ejecutivo No. 6 de 13 de abril de 2023, (en adelante \u201cDecreto 6\u201d) publicado mediante Gaceta Oficial No. 29760-C, el cual reglamenta los art\u00edculos 17, 18 y 19 del C\u00f3digo de Trabajo de la Rep\u00fablica de Panam\u00e1.<\/p>\n\n\n\n<p>Nos gustar\u00eda iniciar nuestro an\u00e1lisis al Decreto 6, indicando que el Ministerio de Trabajo ha reemplazado a lo largo del texto, el concepto de persona extranjera por el de trabajador migrante y en este orden de ideas, nos gustar\u00eda comenzar por resaltar que se mantiene el cambio implementado por el Decreto 4, que establec\u00eda la posibilidad de que todos los trabajadores migrantes que posean residencia permanente en adelante, podr\u00e1n aplicar a uno de los permisos de trabajo que se encuentran listados en este Decreto, sin distinci\u00f3n de la categor\u00eda migratoria que les haya llevado a adquirir la residencia permanente.<\/p>\n\n\n\n<p>En atenci\u00f3n al Permiso de Trabajo de Residente Permanente que hab\u00eda sido creado mediante Decreto Ejecutivo No. 21 de 2019, debemos se\u00f1alar que el mismo no ha sido incluido dentro del listado de categor\u00edas, no obstante, se han creado otras posibilidades, como es el caso de los permisos de trabajo para personas extranjeras que hayan obtenido su residencia permanente en calidad de ciertas categor\u00edas de inversionistas, que detallaremos m\u00e1s adelante.<\/p>\n\n\n\n<p>Otro de los cambios importantes a resaltar es que el Decreto 6 ampl\u00eda el listado de personas de nacionalidad extranjera que estar\u00e1n exentos de solicitar permiso de trabajo. De este modo, no tendr\u00e1n que solicitar permiso de trabajo:<\/p>\n\n\n\n<ol class=\"wp-block-list\">\n<li>Quienes sean religiosos, en el cumplimiento de su misi\u00f3n.<\/li>\n\n\n\n<li>Quienes realicen actividades econ\u00f3micas, de negocio o inversi\u00f3n que no se encuentren bajo la subordinaci\u00f3n jur\u00eddica o dependencia econ\u00f3mica de un empleador.<\/li>\n\n\n\n<li>Quienes est\u00e9n amparados por reg\u00edmenes especiales y que en sus disposiciones o normativas contengan dicha excepci\u00f3n, y<\/li>\n\n\n\n<li>Quienes sean artistas y realicen presentaciones en virtud de convenio e intercambios culturales, o cuando se trata del llamado arte cl\u00e1sico y relacionados a este tipo de arte.<\/li>\n<\/ol>\n\n\n<div class=\"wp-block-image\">\n<figure class=\"alignright size-full is-resized\"><img decoding=\"async\" width=\"300\" height=\"200\" src=\"https:\/\/icazalaw.com\/wp-content\/uploads\/2023\/04\/AdobeStock_266786364-300x200-1.jpeg\" alt=\"\" class=\"wp-image-17946\" style=\"aspect-ratio:1;width:396px;height:auto\" srcset=\"https:\/\/icazalaw.com\/wp-content\/uploads\/2023\/04\/AdobeStock_266786364-300x200-1.jpeg 300w, https:\/\/icazalaw.com\/wp-content\/uploads\/2023\/04\/AdobeStock_266786364-300x200-1-113x75.jpeg 113w\" sizes=\"(max-width:767px) 300px, 300px\" \/><\/figure>\n<\/div>\n\n\n<p>Con respecto a la clasificaci\u00f3n, el Decreto 6 <strong>agrega una clasificaci\u00f3n adicional<\/strong> que han denominado \u201c<strong>Permisos de Trabajo establecidos por medio de Pol\u00edticas Especiales Econ\u00f3micas <\/strong><strong>y de Inversi\u00f3n\u201d<\/strong>, la cual mencionamos en l\u00edneas anteriores, la cual hace referencia a cuatro (4) categor\u00edas de permisos de trabajo nuevas, para aquellos residentes que hayan obtenido Residencias en calidad de Inversi\u00f3n, que son: bajo la categor\u00eda de \u201cPa\u00edses Amigos\u201d, Trabajador Migrante residente permanente en calidad de Inversionista Calificado, Trabajador Migrante bajo la categor\u00eda migratoria especial de Solvencia Econ\u00f3mica Propia y trabajador migrante por categor\u00edas especiales vigentes de pol\u00edticas especiales econ\u00f3micas y de inversi\u00f3n.&nbsp; Sobre este punto debemos indicar que, si bien es cierto que se elimin\u00f3 la categor\u00eda de Permiso de Trabajo de residente permanente, se abre la posibilidad para que personas extranjeras que obtuvieron su residencia a trav\u00e9s de programas de inversi\u00f3n, puedan ahora optar por un permiso de trabajo.<\/p>\n\n\n\n<p>Hemos observado a su vez que se retir\u00f3 la posibilidad de reemplazar algunos certificados y procedimientos por validaciones en l\u00ednea.<\/p>\n\n\n\n<p>Un cambio importante implementado por el Decreto 6, es que aclara lo que indicaba el Decreto 4, respecto al tratamiento de aquellos trabajadores extranjeros que hab\u00edan obtenido permisos de trabajo de \u201cPa\u00edses Amigos\u201d de manera indefinida mediante el Decreto Ejecutivo No. 140 de 2 de agosto de 2012, toda vez que el Decreto 6 establece que dichos trabajadores ser\u00e1n considerados como personal equivalente a mano de obra local.&nbsp; En este orden de ideas, es importante indicar que de ahora en adelante el permiso de trabajo de \u201cPa\u00edses Amigos\u201d podr\u00e1 ser solicitado ya sea como Inversionista o por Razones Laborales.<\/p>\n\n\n\n<p><strong>El Decreto 6 elimin\u00f3 el permiso de trabajo <\/strong>que se hab\u00eda creado para los trabajadores con<strong> Visa SEM<\/strong>, mediante el Decreto 4.&nbsp; S\u00f3lo se mantiene el permiso de trabajo para los <strong>Dependientes<\/strong> de Ejecutivos con Visa SEM y es denominado como \u201cPermiso de Trabajo para dependiente de Trabajador migrante poseedor de visa o permiso de residencia por medio de leyes especiales\u201d, el cual ser\u00e1 v\u00e1lido para cualquier otro trabajador cuyo estatus sea de dependiente de residente, por medio de leyes especiales.&nbsp; Se mantuvo el permiso de trabajo para trabajadores bajo el R\u00e9gimen EMMA s\u00f3lo en aquellos casos de trabajadores temporales bajo este R\u00e9gimen.<\/p>\n\n\n\n<p>Por otro lado, se mantuvo el cambio de los permisos de trabajo que de ahora en adelante contar\u00e1n dentro de los porcentajes, es decir, el Cap\u00edtulo X, sobre los Permisos establecidos por condiciones migratorias especiales, pero para los tr\u00e1mites nuevos, estas categor\u00edas son: Pa\u00edses Amigos (por razones laborales), Programas de Regularizaci\u00f3n Migratoria General, Trabajador migrante Profesional, Trabajador migrante por Reagrupaci\u00f3n Familiar para dependientes de Residente y Permiso de Trabajo de Estudiante.<\/p>\n\n\n\n<p>Por \u00faltimo y no menos importante, debemos se\u00f1alar que el Decreto 6 <strong>aclara<\/strong> y confirma <strong>que todos los tr\u00e1mites que se gestionaron bajo Decretos anteriores<\/strong> y bajos condiciones previas, <strong>se tramitar\u00e1n, analizar\u00e1n y resolver\u00e1n conforme a las normas bajo las cuales se presentaron<\/strong>.<\/p>\n\n\n\n<h5 class=\"wp-block-heading\">&nbsp;<span class=\"title-label\">Descargar texto completo del Decreto Ejecutivo<\/span><\/h5>\n","protected":false},"excerpt":{"rendered":"<p>Conozca los cambios m\u00e1s relevantes del Decreto Ejecutivo No. 6 del 13 de abril de 2023 que regula<span class=\"excerpt-hellip\"> [\u2026]<\/span><\/p>\n","protected":false},"author":3,"featured_media":0,"comment_status":"open","ping_status":"open","sticky":false,"template":"","format":"standard","meta":{"_joinchat":[],"footnotes":""},"categories":[1173],"tags":[773,952,922,799,800,804,953],"class_list":["post-12249","post","type-post","status-publish","format-standard","hentry","category-noticias-2","tag-2023-es","tag-decreto-ejecutivo-no-6-del-13-de-abril-de-2023-es","tag-icaza-gonzalez-ruiz-aleman-icaza-es","tag-migracion-es","tag-panama-es","tag-permisos-de-trabajo-es","tag-trabajadores-extranjeros-es"],"yoast_head":"<!-- This site is optimized with the Yoast SEO Premium plugin v27.4 (Yoast SEO v27.4) - https:\/\/yoast.com\/product\/yoast-seo-premium-wordpress\/ -->\n<title>Decreto Ejecutivo No. 6 de 13 de abril de 2023 que regula la Migraci\u00f3n Laboral - Icaza, Gonz\u00e1lez-Ruiz &amp; Alem\u00e1n<\/title>\n<meta name=\"description\" content=\"El Decreto Ejecutivo No. 4 de 2 de marzo de 2023, ha sido derogado y subrogado por el Decreto Ejecutivo No. 6 del 13 de abril 2023...\" \/>\n<meta name=\"robots\" content=\"index, follow, max-snippet:-1, max-image-preview:large, max-video-preview:-1\" \/>\n<link rel=\"canonical\" href=\"https:\/\/icazalaw.com\/es\/2023\/04\/decreto-ejecutivo-no-6-de-13-de-abril-de-2023-que-regula-la-migracion-laboral\/\" \/>\n<meta property=\"og:locale\" content=\"es_ES\" \/>\n<meta property=\"og:type\" content=\"article\" \/>\n<meta property=\"og:title\" content=\"Decreto Ejecutivo No. 6 de 13 de abril de 2023 que regula la Migraci\u00f3n Laboral\" \/>\n<meta property=\"og:description\" content=\"El Decreto Ejecutivo No. 4 de 2 de marzo de 2023, ha sido derogado y subrogado por el Decreto Ejecutivo No. 6 del 13 de abril 2023...\" \/>\n<meta property=\"og:url\" content=\"https:\/\/icazalaw.com\/es\/2023\/04\/decreto-ejecutivo-no-6-de-13-de-abril-de-2023-que-regula-la-migracion-laboral\/\" \/>\n<meta property=\"og:site_name\" content=\"Icaza, Gonz\u00e1lez-Ruiz &amp; Alem\u00e1n\" \/>\n<meta property=\"article:published_time\" content=\"2023-04-14T23:03:10+00:00\" \/>\n<meta property=\"article:modified_time\" content=\"2024-07-12T17:46:48+00:00\" \/>\n<meta property=\"og:image\" content=\"https:\/\/icazalaw.com\/wp-content\/uploads\/2023\/04\/AYLEEN-QUINTERO-285x300-1.png\" \/>\n<meta name=\"author\" content=\"adminwp\" \/>\n<meta name=\"twitter:card\" content=\"summary_large_image\" \/>\n<meta name=\"twitter:label1\" content=\"Escrito por\" \/>\n\t<meta name=\"twitter:data1\" content=\"adminwp\" \/>\n\t<meta name=\"twitter:label2\" content=\"Tiempo de lectura\" \/>\n\t<meta name=\"twitter:data2\" content=\"5 minutos\" \/>\n<script type=\"application\/ld+json\" class=\"yoast-schema-graph\">{\"@context\":\"https:\\\/\\\/schema.org\",\"@graph\":[{\"@type\":\"Article\",\"@id\":\"https:\\\/\\\/icazalaw.com\\\/es\\\/2023\\\/04\\\/decreto-ejecutivo-no-6-de-13-de-abril-de-2023-que-regula-la-migracion-laboral\\\/#article\",\"isPartOf\":{\"@id\":\"https:\\\/\\\/icazalaw.com\\\/es\\\/2023\\\/04\\\/decreto-ejecutivo-no-6-de-13-de-abril-de-2023-que-regula-la-migracion-laboral\\\/\"},\"author\":{\"name\":\"adminwp\",\"@id\":\"https:\\\/\\\/icazalaw.com\\\/es\\\/#\\\/schema\\\/person\\\/9f30953c2b4024e7d8032290b9723d3d\"},\"headline\":\"Decreto Ejecutivo No. 6 de 13 de abril de 2023 que regula la Migraci\u00f3n Laboral\",\"datePublished\":\"2023-04-14T23:03:10+00:00\",\"dateModified\":\"2024-07-12T17:46:48+00:00\",\"mainEntityOfPage\":{\"@id\":\"https:\\\/\\\/icazalaw.com\\\/es\\\/2023\\\/04\\\/decreto-ejecutivo-no-6-de-13-de-abril-de-2023-que-regula-la-migracion-laboral\\\/\"},\"wordCount\":940,\"commentCount\":0,\"image\":{\"@id\":\"https:\\\/\\\/icazalaw.com\\\/es\\\/2023\\\/04\\\/decreto-ejecutivo-no-6-de-13-de-abril-de-2023-que-regula-la-migracion-laboral\\\/#primaryimage\"},\"thumbnailUrl\":\"https:\\\/\\\/icazalaw.com\\\/wp-content\\\/uploads\\\/2023\\\/04\\\/AYLEEN-QUINTERO-285x300-1.png\",\"keywords\":[\"2023\",\"Decreto Ejecutivo No. 6 del 13 de abril de 2023\",\"Icaza Gonz\u00e1lez-Ruiz &amp; Alem\u00e1n Icaza\",\"Migraci\u00f3n\",\"Panama\",\"Permisos de trabajo\",\"Trabajadores extranjeros\"],\"articleSection\":[\"Noticias\"],\"inLanguage\":\"es\",\"potentialAction\":[{\"@type\":\"CommentAction\",\"name\":\"Comment\",\"target\":[\"https:\\\/\\\/icazalaw.com\\\/es\\\/2023\\\/04\\\/decreto-ejecutivo-no-6-de-13-de-abril-de-2023-que-regula-la-migracion-laboral\\\/#respond\"]}]},{\"@type\":\"WebPage\",\"@id\":\"https:\\\/\\\/icazalaw.com\\\/es\\\/2023\\\/04\\\/decreto-ejecutivo-no-6-de-13-de-abril-de-2023-que-regula-la-migracion-laboral\\\/\",\"url\":\"https:\\\/\\\/icazalaw.com\\\/es\\\/2023\\\/04\\\/decreto-ejecutivo-no-6-de-13-de-abril-de-2023-que-regula-la-migracion-laboral\\\/\",\"name\":\"Decreto Ejecutivo No. 6 de 13 de abril de 2023 que regula la Migraci\u00f3n Laboral - Icaza, Gonz\u00e1lez-Ruiz &amp; Alem\u00e1n\",\"isPartOf\":{\"@id\":\"https:\\\/\\\/icazalaw.com\\\/es\\\/#website\"},\"primaryImageOfPage\":{\"@id\":\"https:\\\/\\\/icazalaw.com\\\/es\\\/2023\\\/04\\\/decreto-ejecutivo-no-6-de-13-de-abril-de-2023-que-regula-la-migracion-laboral\\\/#primaryimage\"},\"image\":{\"@id\":\"https:\\\/\\\/icazalaw.com\\\/es\\\/2023\\\/04\\\/decreto-ejecutivo-no-6-de-13-de-abril-de-2023-que-regula-la-migracion-laboral\\\/#primaryimage\"},\"thumbnailUrl\":\"https:\\\/\\\/icazalaw.com\\\/wp-content\\\/uploads\\\/2023\\\/04\\\/AYLEEN-QUINTERO-285x300-1.png\",\"datePublished\":\"2023-04-14T23:03:10+00:00\",\"dateModified\":\"2024-07-12T17:46:48+00:00\",\"author\":{\"@id\":\"https:\\\/\\\/icazalaw.com\\\/es\\\/#\\\/schema\\\/person\\\/9f30953c2b4024e7d8032290b9723d3d\"},\"description\":\"El Decreto Ejecutivo No. 4 de 2 de marzo de 2023, ha sido derogado y subrogado por el Decreto Ejecutivo No. 6 del 13 de abril 2023...\",\"breadcrumb\":{\"@id\":\"https:\\\/\\\/icazalaw.com\\\/es\\\/2023\\\/04\\\/decreto-ejecutivo-no-6-de-13-de-abril-de-2023-que-regula-la-migracion-laboral\\\/#breadcrumb\"},\"inLanguage\":\"es\",\"potentialAction\":[{\"@type\":\"ReadAction\",\"target\":[\"https:\\\/\\\/icazalaw.com\\\/es\\\/2023\\\/04\\\/decreto-ejecutivo-no-6-de-13-de-abril-de-2023-que-regula-la-migracion-laboral\\\/\"]}]},{\"@type\":\"ImageObject\",\"inLanguage\":\"es\",\"@id\":\"https:\\\/\\\/icazalaw.com\\\/es\\\/2023\\\/04\\\/decreto-ejecutivo-no-6-de-13-de-abril-de-2023-que-regula-la-migracion-laboral\\\/#primaryimage\",\"url\":\"https:\\\/\\\/icazalaw.com\\\/wp-content\\\/uploads\\\/2023\\\/04\\\/AYLEEN-QUINTERO-285x300-1.png\",\"contentUrl\":\"https:\\\/\\\/icazalaw.com\\\/wp-content\\\/uploads\\\/2023\\\/04\\\/AYLEEN-QUINTERO-285x300-1.png\"},{\"@type\":\"BreadcrumbList\",\"@id\":\"https:\\\/\\\/icazalaw.com\\\/es\\\/2023\\\/04\\\/decreto-ejecutivo-no-6-de-13-de-abril-de-2023-que-regula-la-migracion-laboral\\\/#breadcrumb\",\"itemListElement\":[{\"@type\":\"ListItem\",\"position\":1,\"name\":\"Home\",\"item\":\"https:\\\/\\\/icazalaw.com\\\/es\\\/\"},{\"@type\":\"ListItem\",\"position\":2,\"name\":\"Decreto Ejecutivo No. 6 de 13 de abril de 2023 que regula la Migraci\u00f3n Laboral\"}]},{\"@type\":\"WebSite\",\"@id\":\"https:\\\/\\\/icazalaw.com\\\/es\\\/#website\",\"url\":\"https:\\\/\\\/icazalaw.com\\\/es\\\/\",\"name\":\"Icaza, Gonz\u00e1lez-Ruiz &amp; Alem\u00e1n\",\"description\":\"Full-service law firm providing practical legal solutions to corporate and private clients worldwide.\",\"alternateName\":\"IGRA Attorneys\",\"potentialAction\":[{\"@type\":\"SearchAction\",\"target\":{\"@type\":\"EntryPoint\",\"urlTemplate\":\"https:\\\/\\\/icazalaw.com\\\/es\\\/?s={search_term_string}\"},\"query-input\":{\"@type\":\"PropertyValueSpecification\",\"valueRequired\":true,\"valueName\":\"search_term_string\"}}],\"inLanguage\":\"es\"},{\"@type\":\"Person\",\"@id\":\"https:\\\/\\\/icazalaw.com\\\/es\\\/#\\\/schema\\\/person\\\/9f30953c2b4024e7d8032290b9723d3d\",\"name\":\"adminwp\",\"image\":{\"@type\":\"ImageObject\",\"inLanguage\":\"es\",\"@id\":\"https:\\\/\\\/secure.gravatar.com\\\/avatar\\\/4c3ec153269f6151e6124fc3888e853346eab7cb1ea6d204d68094ea49070d99?s=96&d=mm&r=g\",\"url\":\"https:\\\/\\\/secure.gravatar.com\\\/avatar\\\/4c3ec153269f6151e6124fc3888e853346eab7cb1ea6d204d68094ea49070d99?s=96&d=mm&r=g\",\"contentUrl\":\"https:\\\/\\\/secure.gravatar.com\\\/avatar\\\/4c3ec153269f6151e6124fc3888e853346eab7cb1ea6d204d68094ea49070d99?s=96&d=mm&r=g\",\"caption\":\"adminwp\"},\"url\":\"https:\\\/\\\/icazalaw.com\\\/es\\\/author\\\/adminwp\\\/\"}]}<\/script>\n<!-- \/ Yoast SEO Premium plugin. -->","yoast_head_json":{"title":"Decreto Ejecutivo No. 6 de 13 de abril de 2023 que regula la Migraci\u00f3n Laboral - Icaza, Gonz\u00e1lez-Ruiz &amp; Alem\u00e1n","description":"El Decreto Ejecutivo No. 4 de 2 de marzo de 2023, ha sido derogado y subrogado por el Decreto Ejecutivo No. 6 del 13 de abril 2023...","robots":{"index":"index","follow":"follow","max-snippet":"max-snippet:-1","max-image-preview":"max-image-preview:large","max-video-preview":"max-video-preview:-1"},"canonical":"https:\/\/icazalaw.com\/es\/2023\/04\/decreto-ejecutivo-no-6-de-13-de-abril-de-2023-que-regula-la-migracion-laboral\/","og_locale":"es_ES","og_type":"article","og_title":"Decreto Ejecutivo No. 6 de 13 de abril de 2023 que regula la Migraci\u00f3n Laboral","og_description":"El Decreto Ejecutivo No. 4 de 2 de marzo de 2023, ha sido derogado y subrogado por el Decreto Ejecutivo No. 6 del 13 de abril 2023...","og_url":"https:\/\/icazalaw.com\/es\/2023\/04\/decreto-ejecutivo-no-6-de-13-de-abril-de-2023-que-regula-la-migracion-laboral\/","og_site_name":"Icaza, Gonz\u00e1lez-Ruiz &amp; Alem\u00e1n","article_published_time":"2023-04-14T23:03:10+00:00","article_modified_time":"2024-07-12T17:46:48+00:00","og_image":[{"url":"https:\/\/icazalaw.com\/wp-content\/uploads\/2023\/04\/AYLEEN-QUINTERO-285x300-1.png","type":"","width":"","height":""}],"author":"adminwp","twitter_card":"summary_large_image","twitter_misc":{"Escrito por":"adminwp","Tiempo de lectura":"5 minutos"},"schema":{"@context":"https:\/\/schema.org","@graph":[{"@type":"Article","@id":"https:\/\/icazalaw.com\/es\/2023\/04\/decreto-ejecutivo-no-6-de-13-de-abril-de-2023-que-regula-la-migracion-laboral\/#article","isPartOf":{"@id":"https:\/\/icazalaw.com\/es\/2023\/04\/decreto-ejecutivo-no-6-de-13-de-abril-de-2023-que-regula-la-migracion-laboral\/"},"author":{"name":"adminwp","@id":"https:\/\/icazalaw.com\/es\/#\/schema\/person\/9f30953c2b4024e7d8032290b9723d3d"},"headline":"Decreto Ejecutivo No. 6 de 13 de abril de 2023 que regula la Migraci\u00f3n Laboral","datePublished":"2023-04-14T23:03:10+00:00","dateModified":"2024-07-12T17:46:48+00:00","mainEntityOfPage":{"@id":"https:\/\/icazalaw.com\/es\/2023\/04\/decreto-ejecutivo-no-6-de-13-de-abril-de-2023-que-regula-la-migracion-laboral\/"},"wordCount":940,"commentCount":0,"image":{"@id":"https:\/\/icazalaw.com\/es\/2023\/04\/decreto-ejecutivo-no-6-de-13-de-abril-de-2023-que-regula-la-migracion-laboral\/#primaryimage"},"thumbnailUrl":"https:\/\/icazalaw.com\/wp-content\/uploads\/2023\/04\/AYLEEN-QUINTERO-285x300-1.png","keywords":["2023","Decreto Ejecutivo No. 6 del 13 de abril de 2023","Icaza Gonz\u00e1lez-Ruiz &amp; Alem\u00e1n Icaza","Migraci\u00f3n","Panama","Permisos de trabajo","Trabajadores extranjeros"],"articleSection":["Noticias"],"inLanguage":"es","potentialAction":[{"@type":"CommentAction","name":"Comment","target":["https:\/\/icazalaw.com\/es\/2023\/04\/decreto-ejecutivo-no-6-de-13-de-abril-de-2023-que-regula-la-migracion-laboral\/#respond"]}]},{"@type":"WebPage","@id":"https:\/\/icazalaw.com\/es\/2023\/04\/decreto-ejecutivo-no-6-de-13-de-abril-de-2023-que-regula-la-migracion-laboral\/","url":"https:\/\/icazalaw.com\/es\/2023\/04\/decreto-ejecutivo-no-6-de-13-de-abril-de-2023-que-regula-la-migracion-laboral\/","name":"Decreto Ejecutivo No. 6 de 13 de abril de 2023 que regula la Migraci\u00f3n Laboral - Icaza, Gonz\u00e1lez-Ruiz &amp; Alem\u00e1n","isPartOf":{"@id":"https:\/\/icazalaw.com\/es\/#website"},"primaryImageOfPage":{"@id":"https:\/\/icazalaw.com\/es\/2023\/04\/decreto-ejecutivo-no-6-de-13-de-abril-de-2023-que-regula-la-migracion-laboral\/#primaryimage"},"image":{"@id":"https:\/\/icazalaw.com\/es\/2023\/04\/decreto-ejecutivo-no-6-de-13-de-abril-de-2023-que-regula-la-migracion-laboral\/#primaryimage"},"thumbnailUrl":"https:\/\/icazalaw.com\/wp-content\/uploads\/2023\/04\/AYLEEN-QUINTERO-285x300-1.png","datePublished":"2023-04-14T23:03:10+00:00","dateModified":"2024-07-12T17:46:48+00:00","author":{"@id":"https:\/\/icazalaw.com\/es\/#\/schema\/person\/9f30953c2b4024e7d8032290b9723d3d"},"description":"El Decreto Ejecutivo No. 4 de 2 de marzo de 2023, ha sido derogado y subrogado por el Decreto Ejecutivo No. 6 del 13 de abril 2023...","breadcrumb":{"@id":"https:\/\/icazalaw.com\/es\/2023\/04\/decreto-ejecutivo-no-6-de-13-de-abril-de-2023-que-regula-la-migracion-laboral\/#breadcrumb"},"inLanguage":"es","potentialAction":[{"@type":"ReadAction","target":["https:\/\/icazalaw.com\/es\/2023\/04\/decreto-ejecutivo-no-6-de-13-de-abril-de-2023-que-regula-la-migracion-laboral\/"]}]},{"@type":"ImageObject","inLanguage":"es","@id":"https:\/\/icazalaw.com\/es\/2023\/04\/decreto-ejecutivo-no-6-de-13-de-abril-de-2023-que-regula-la-migracion-laboral\/#primaryimage","url":"https:\/\/icazalaw.com\/wp-content\/uploads\/2023\/04\/AYLEEN-QUINTERO-285x300-1.png","contentUrl":"https:\/\/icazalaw.com\/wp-content\/uploads\/2023\/04\/AYLEEN-QUINTERO-285x300-1.png"},{"@type":"BreadcrumbList","@id":"https:\/\/icazalaw.com\/es\/2023\/04\/decreto-ejecutivo-no-6-de-13-de-abril-de-2023-que-regula-la-migracion-laboral\/#breadcrumb","itemListElement":[{"@type":"ListItem","position":1,"name":"Home","item":"https:\/\/icazalaw.com\/es\/"},{"@type":"ListItem","position":2,"name":"Decreto Ejecutivo No. 6 de 13 de abril de 2023 que regula la Migraci\u00f3n Laboral"}]},{"@type":"WebSite","@id":"https:\/\/icazalaw.com\/es\/#website","url":"https:\/\/icazalaw.com\/es\/","name":"Icaza, Gonz\u00e1lez-Ruiz &amp; Alem\u00e1n","description":"Full-service law firm providing practical legal solutions to corporate and private clients worldwide.","alternateName":"IGRA Attorneys","potentialAction":[{"@type":"SearchAction","target":{"@type":"EntryPoint","urlTemplate":"https:\/\/icazalaw.com\/es\/?s={search_term_string}"},"query-input":{"@type":"PropertyValueSpecification","valueRequired":true,"valueName":"search_term_string"}}],"inLanguage":"es"},{"@type":"Person","@id":"https:\/\/icazalaw.com\/es\/#\/schema\/person\/9f30953c2b4024e7d8032290b9723d3d","name":"adminwp","image":{"@type":"ImageObject","inLanguage":"es","@id":"https:\/\/secure.gravatar.com\/avatar\/4c3ec153269f6151e6124fc3888e853346eab7cb1ea6d204d68094ea49070d99?s=96&d=mm&r=g","url":"https:\/\/secure.gravatar.com\/avatar\/4c3ec153269f6151e6124fc3888e853346eab7cb1ea6d204d68094ea49070d99?s=96&d=mm&r=g","contentUrl":"https:\/\/secure.gravatar.com\/avatar\/4c3ec153269f6151e6124fc3888e853346eab7cb1ea6d204d68094ea49070d99?s=96&d=mm&r=g","caption":"adminwp"},"url":"https:\/\/icazalaw.com\/es\/author\/adminwp\/"}]}},"_links":{"self":[{"href":"https:\/\/icazalaw.com\/es\/wp-json\/wp\/v2\/posts\/12249","targetHints":{"allow":["GET"]}}],"collection":[{"href":"https:\/\/icazalaw.com\/es\/wp-json\/wp\/v2\/posts"}],"about":[{"href":"https:\/\/icazalaw.com\/es\/wp-json\/wp\/v2\/types\/post"}],"author":[{"embeddable":true,"href":"https:\/\/icazalaw.com\/es\/wp-json\/wp\/v2\/users\/3"}],"replies":[{"embeddable":true,"href":"https:\/\/icazalaw.com\/es\/wp-json\/wp\/v2\/comments?post=12249"}],"version-history":[{"count":0,"href":"https:\/\/icazalaw.com\/es\/wp-json\/wp\/v2\/posts\/12249\/revisions"}],"wp:attachment":[{"href":"https:\/\/icazalaw.com\/es\/wp-json\/wp\/v2\/media?parent=12249"}],"wp:term":[{"taxonomy":"category","embeddable":true,"href":"https:\/\/icazalaw.com\/es\/wp-json\/wp\/v2\/categories?post=12249"},{"taxonomy":"post_tag","embeddable":true,"href":"https:\/\/icazalaw.com\/es\/wp-json\/wp\/v2\/tags?post=12249"}],"curies":[{"name":"wp","href":"https:\/\/api.w.org\/{rel}","templated":true}]}}