{"id":18527,"date":"2021-07-01T10:32:32","date_gmt":"2021-07-01T15:32:32","guid":{"rendered":"https:\/\/icazalaw.com\/?p=18527"},"modified":"2024-08-09T17:58:06","modified_gmt":"2024-08-09T22:58:06","slug":"ley-de-proteccion-de-datos-personales-y-su-reglamento-en-panama","status":"publish","type":"post","link":"https:\/\/icazalaw.com\/es\/2021\/07\/ley-de-proteccion-de-datos-personales-y-su-reglamento-en-panama\/","title":{"rendered":"Ley de Protecci\u00f3n de Datos Personales y su reglamento en Panam\u00e1"},"content":{"rendered":"\n<h4 class=\"wp-block-heading\">Respecto a la protecci\u00f3n de datos personales en Panam\u00e1 a trav\u00e9s de la Ley 81 de 26 de marzo de 2019 y su Reglamento mediante Decreto Ejecutivo 285 de 28 de mayo de 2021.<\/h4>\n\n\n<div class=\"wp-block-image\">\n<figure class=\"alignleft size-large\"><img decoding=\"async\" src=\"http:\/\/icazalaw.com\/wp-content\/uploads\/2019\/09\/mariela.jpg\" alt=\"Mariela I. de la Guardia Oteiza\"\/><\/figure>\n<\/div>\n\n\n<p>Por: <strong><a href=\"\/?page_id=2694\">Mariela de la Guardia Oteiza<\/a><\/strong><\/p>\n\n\n\n<p><a href=\"https:\/\/icazalaw.com\/wp-content\/uploads\/2021\/07\/MEMO-DATA-PROTECTION-IN-PANAMA-Icaza-Gonzalez-Ruiz-Aleman.pdf\" target=\"_blank\" rel=\"noreferrer noopener\"><strong>Descargar art\u00edculo<\/strong><\/a><\/p>\n\n\n\n<p>La protecci\u00f3n de datos personales es una garant\u00eda fundamental y est\u00e1 contenida en nuestra Constituci\u00f3n Nacional, que establece en su Art\u00edculo 42 lo siguiente:<\/p>\n\n\n\n<p><em>\u201cArt\u00edculo 42: Toda persona tiene derecho a acceder a la informaci\u00f3n personal contenida en bases de datos o registros p\u00fablicos y privados, y a solicitar su rectificaci\u00f3n y protecci\u00f3n, as\u00ed como su supresi\u00f3n, de conformidad con lo establecido en la Ley.<\/em><\/p>\n\n\n\n<p><em><u>Esta informaci\u00f3n s\u00f3lo podr\u00e1 ser recabada para fines espec\u00edficos, con consentimiento de su titular o por orden de autoridad competente con fundamento en lo dispuesto por la Ley<\/u><\/em><em> .\u201d<\/em><\/p>\n\n\n\n<p>Como se ha demostrado, siempre se debe obtener el consentimiento del titular, es decir, su manifestaci\u00f3n de voluntad de tratar los datos y ser informado de la finalidad espec\u00edfica para la cual se recogen los mismos. La Ley 81 establece que el consentimiento podr\u00e1 obtenerse de forma que permita su trazabilidad mediante documentaci\u00f3n, ya sea electr\u00f3nica o mediante otro mecanismo adecuado, y podr\u00e1 ser revocado, sin efecto retroactivo.<\/p>\n\n\n\n<p>Asimismo, nuestra Constituci\u00f3n Nacional contempla en sus art\u00edculos 43 las garant\u00edas constitucionales en las que toda persona tiene derecho a solicitar informaci\u00f3n de acceso p\u00fablico o de inter\u00e9s colectivo y a solicitar su rectificaci\u00f3n. El art\u00edculo 44 establece que cualquier persona podr\u00e1 interponer una acci\u00f3n de habeas data para garantizar el derecho de acceso a su informaci\u00f3n personal recolectada en bancos de datos o registros oficiales.<\/p>\n\n\n\n<p>El 29 de marzo de 2021 entr\u00f3 en vigencia en la Rep\u00fablica de Panam\u00e1 la Ley de Protecci\u00f3n de Datos Personales mediante la Ley 81 de 26 de marzo de 2019. Esta Ley establece los principios, derechos, obligaciones y procedimientos que regulan la protecci\u00f3n de datos personales en nuestro pa\u00eds para las personas naturales y jur\u00eddicas. Posteriormente, la Ley 81 se reglamenta mediante el Decreto Ejecutivo 285 de 2021.<\/p>\n\n\n\n<p>Es importante destacar que previo a la promulgaci\u00f3n de la Ley 81 de 2019, exist\u00edan disposiciones legales que actualmente regulan la protecci\u00f3n de datos personales en Panam\u00e1, mediante leyes especiales. Entre las que se encuentran la Ley Bancaria, Ley de Seguros, Ley de Valores, Ley de Fideicomiso, Ley que regula los Derechos y Obligaciones de los Pacientes, en materia de informaci\u00f3n o decisi\u00f3n libre e informada, entre otras.<\/p>\n\n\n\n<p>Si bien existen leyes y normas especiales que conforman el marco normativo que regula la protecci\u00f3n de datos personales, la Ley 81 de 2019 se aplica de manera supletoria.<\/p>\n\n\n\n<p>El regulador o autoridad regulatoria de cada sector, deber\u00e1 establecer dentro de su normativa todos los protocolos, procesos y procedimientos de tratamiento y transferencia segura que deben ser cumplidos por los sujetos regulados.<\/p>\n\n\n\n<p><strong>Conceptos b\u00e1sicos de protecci\u00f3n de datos personales<\/strong><\/p>\n\n\n\n<p><strong>\u00bfQu\u00e9 es un Dato Personal?<\/strong><\/p>\n\n\n\n<p>Dato personal es cualquier informaci\u00f3n concerniente a personas f\u00edsicas que las identifica o las hace identificables.<\/p>\n\n\n\n<p><strong>\u00bfQu\u00e9 es un dato sensible?<\/strong><\/p>\n\n\n\n<p>La Ley define como datos sensibles, aquellos que se refieren a la esfera \u00edntima del titular de los datos, o cuyo uso indebido puede dar origen a discriminaci\u00f3n o conlleve un riesgo grave para \u00e9ste.<\/p>\n\n\n\n<p>Se consideran datos sensibles aquellos que puedan revelar aspectos como origen racial o \u00e9tnico; creencias o convicciones religiosas, filos\u00f3ficas y morales; afiliaci\u00f3n sindical; opiniones pol\u00edticas; datos relativos a la salud, a la vida, a la preferencia u orientaci\u00f3n sexual, datos gen\u00e9ticos o datos biom\u00e9tricos, entre otros.<\/p>\n\n\n\n<p>La Ley 81 establece que los datos sensibles no pueden transferirse sin el consentimiento expl\u00edcito del titular; salvo cuando sea necesario para salvaguardar la vida del titular y \u00e9ste se encuentre f\u00edsica o jur\u00eddicamente incapacitado, cuando se trate de datos que sean necesarios para el reconocimiento, ejercicio o defensa de un derecho en un proceso con autorizaci\u00f3n judicial competente, cuando tengan una finalidad hist\u00f3rica, estad\u00edstica o cient\u00edfica, en cuyo caso se deber\u00e1n adoptar medidas conducentes a disociar la identidad.<\/p>\n\n\n\n<p><strong>Prop\u00f3sito, principios y aplicaci\u00f3n<\/strong><\/p>\n\n\n\n<p>La Ley establece los principios, derechos, obligaciones y procedimientos que regulan la protecci\u00f3n de los datos personales, considerando su interrelaci\u00f3n con la vida privada y dem\u00e1s derechos y libertades fundamentales de los ciudadanos.<\/p>\n\n\n\n<p>Los principios generales que inspiran y rigen la protecci\u00f3n de datos personales y que sirven de base a la interpretaci\u00f3n y aplicaci\u00f3n de la norma, complementan tambi\u00e9n algunos vac\u00edos de la propia Ley 81:<\/p>\n\n\n\n<ol class=\"wp-block-list\">\n<li>Principio de lealtad : los datos personales se recogen sin enga\u00f1os ni tergiversaciones y sin utilizar medios fraudulentos.<\/li>\n\n\n\n<li>Principio de finalidad : los datos personales deben ser recogidos con fines espec\u00edficos y no ser tratados ulteriormente con fines distintos de aquellos para los que fueron solicitados ni conservarse durante m\u00e1s tiempo del necesario para los fines del tratamiento.<\/li>\n\n\n\n<li>Principio de proporcionalidad : s\u00f3lo se solicitan datos adecuados y pertinentes, limitados al m\u00ednimo necesario en relaci\u00f3n con la finalidad requerida.<\/li>\n\n\n\n<li>Principio de veracidad y exactitud : deber\u00e1n ser exactos y responder con veracidad a la situaci\u00f3n actual del interesado.<\/li>\n\n\n\n<li>Principio de seguridad de los datos : los responsables del tratamiento de datos personales deber\u00e1n adoptar medidas para garantizar la seguridad de los datos e informar al titular, lo antes posible , cuando los datos hayan sido suprimidos sin autorizaci\u00f3n o existan indicios de que su seguridad ha sido vulnerada.<\/li>\n\n\n\n<li>Principio de transparencia : la informaci\u00f3n y la comunicaci\u00f3n deben expresarse en un lenguaje claro y sencillo.<\/li>\n\n\n\n<li>Principio de confidencialidad : todas las personas que intervengan en el tratamiento de datos personales est\u00e1n obligadas a guardar secreto o confidencialidad respecto de dichos datos.<\/li>\n\n\n\n<li>Principio de licitud : los datos deben ser recogidos de forma l\u00edcita, con el consentimiento previo, informado e inequ\u00edvoco del interesado o por base legal.<\/li>\n\n\n\n<li>Principio de portabilidad : el interesado tiene derecho a obtener del responsable del tratamiento una copia de los datos personales en un formato gen\u00e9rico y de uso com\u00fan.<\/li>\n<\/ol>\n\n\n\n<p>El \u00e1mbito de aplicaci\u00f3n de esta Ley se extiende a las bases de datos ubicadas en el territorio de la Rep\u00fablica de Panam\u00e1, que almacenen o contengan datos personales de nacionales o extranjeros o que el responsable del tratamiento tenga su domicilio en el pa\u00eds, quedan sujetas a la aplicaci\u00f3n de esta Ley y sus reglamentos.<\/p>\n\n\n\n<p>El almacenamiento o transferencia de datos personales originados o almacenados dentro de la Rep\u00fablica de Panam\u00e1 que sean confidenciales, sensibles o restringidos, que reciban tratamiento transfronterizo, se permite siempre que el responsable o custodio de los datos cumpla con los est\u00e1ndares de protecci\u00f3n de datos personales y obtenga el consentimiento.<\/p>\n\n\n\n<p>El Decreto Ejecutivo 285 de 2021, que reglamenta la Ley 81, establece que el registro de bases de datos transferidas a terceros deber\u00e1 constar por escrito, por cualquier medio, incluido el electr\u00f3nico.<\/p>\n\n\n\n<p><strong>\u00bfQu\u00e9 excepciones se aplican y cu\u00e1ndo se pueden procesar los datos personales?<\/strong><\/p>\n\n\n\n<p>Existen excepciones al \u00e1mbito de aplicaci\u00f3n de la Ley para aquellos datos que est\u00e9n expresamente regulados por leyes especiales o por normas que las desarrollen y que hemos detallado al inicio.<\/p>\n\n\n\n<p>Las excepciones incluyen:<\/p>\n\n\n\n<ol class=\"wp-block-list\">\n<li>Los realizados por una persona f\u00edsica para actividades exclusivamente personales o dom\u00e9sticas.<\/li>\n\n\n\n<li>Las realizadas por autoridades competentes con fines de prevenci\u00f3n, investigaci\u00f3n o persecuci\u00f3n de infracciones penales o de ejecuci\u00f3n de sanciones penales.<\/li>\n\n\n\n<li>Las realizadas para el an\u00e1lisis de inteligencia financiera relacionada con la seguridad nacional.<\/li>\n\n\n\n<li>Cuando se trate de tratamientos de datos relacionados con organizaciones internacionales en cumplimiento de tratados o convenios internacionales.<\/li>\n\n\n\n<li>Los resultantes de informaci\u00f3n obtenida mediante un procedimiento de anonimizaci\u00f3n previo.<\/li>\n<\/ol>\n\n\n\n<p>El tratamiento de datos personales s\u00f3lo podr\u00e1 realizarse cuando: i.) Se obtenga el consentimiento del titular, ii.) El tratamiento sea necesario para la ejecuci\u00f3n de una obligaci\u00f3n contractual, iii.) El tratamiento sea necesario para el cumplimiento de una obligaci\u00f3n legal, iv.) El tratamiento est\u00e9 autorizado por una ley especial.<\/p>\n\n\n\n<p><strong>Responsable del tratamiento de datos personales, custodio de la base de datos y Delegado de Protecci\u00f3n de Datos Personales<\/strong><\/p>\n\n\n\n<p>El responsable del tratamiento es una persona f\u00edsica o jur\u00eddica, p\u00fablica o privada, con o sin fines de lucro, que toma las decisiones relativas al tratamiento de datos y determina los fines, medios y alcances.<\/p>\n\n\n\n<p>El responsable del tratamiento de datos es quien establecer\u00e1 los protocolos, procesos y procedimientos para el manejo y transferencia segura de los datos, protegiendo los derechos de los titulares de los mismos. La Autoridad Nacional de Transparencia y Acceso a la Informaci\u00f3n (ANTAI) con el apoyo de la Autoridad Nacional para la Innovaci\u00f3n Gubernamental (AIG) son las autoridades que velar\u00e1n y supervisar\u00e1n lo anterior.<\/p>\n\n\n\n<p>El custodio de la base de datos, as\u00ed como quien tenga acceso a ella, deber\u00e1 cuidarla con la debida diligencia, siendo tambi\u00e9n responsable de los da\u00f1os y perjuicios que cause.<\/p>\n\n\n\n<p>Como medida de rendici\u00f3n de cuentas sobre el cumplimiento del uso de datos personales el Decreto Ejecutivo 285 establece la figura del Oficial de Protecci\u00f3n (ODP) para las entidades p\u00fablicas y de manera recomendable pero no obligatoria para el sector privado. El ODP ejercer\u00e1 sus funciones de manera independiente. Sus funciones ser\u00e1n participar de manera oportuna en los asuntos relacionados con la protecci\u00f3n de datos, informar y asesorar al responsable y al custodio, supervisar el cumplimiento de la normativa, promover la capacitaci\u00f3n de las personas que traten datos, entre otras.<\/p>\n\n\n\n<p>Tanto el responsable del tratamiento de datos personales como el custodio de la base de datos que transfiera datos, deber\u00e1n llevar un registro de las bases de datos y deber\u00e1n estar a disposici\u00f3n de la Autoridad Nacional de Transparencia y Acceso a la Informaci\u00f3n (ANTAI) cuando \u00e9sta lo requiera, la base de datos deber\u00e1 incluso identificar y declarar el plazo de todas las personas que ingresen datos personales dentro de los quince d\u00edas h\u00e1biles siguientes al inicio de dicha actividad.<\/p>\n\n\n\n<p>Los responsables y\/o custodios de bases de datos, as\u00ed como todas las personas que intervengan en cualquier fase del tratamiento de los datos, estar\u00e1n sujetos al deber de secreto o confidencialidad. Esta obligaci\u00f3n ser\u00e1 adicional al secreto profesional, se extender\u00e1 durante toda la duraci\u00f3n del tratamiento y se mantendr\u00e1 incluso despu\u00e9s de extinguida la relaci\u00f3n del empleado o funcionario.<\/p>\n\n\n\n<p>Los responsables del tratamiento y\/o custodios de las bases de datos deben garantizar el cumplimiento y est\u00e1n sujetos al control y supervisi\u00f3n de la ANTAI a trav\u00e9s de la Direcci\u00f3n de Protecci\u00f3n de Datos Personales.<\/p>\n\n\n\n<p><strong>\u00bfCu\u00e1ndo no es necesaria autorizaci\u00f3n para el tratamiento de datos personales?<\/strong><\/p>\n\n\n\n<p>No ser\u00e1 necesaria autorizaci\u00f3n para el tratamiento de datos personales en los siguientes casos:<\/p>\n\n\n\n<ol class=\"wp-block-list\">\n<li>Fuentes de dominio p\u00fablico<\/li>\n\n\n\n<li>Los recaudados por la administraci\u00f3n p\u00fablica<\/li>\n\n\n\n<li>Los de car\u00e1cter econ\u00f3mico, financiero o bancario con previo consentimiento.<\/li>\n\n\n\n<li>Listas de personas en organizaciones, profesiones<\/li>\n\n\n\n<li>Aquellos dentro de una relaci\u00f3n comercial establecida<\/li>\n\n\n\n<li>Tramitaci\u00f3n de datos de organizaciones privadas para uso de asociados<\/li>\n\n\n\n<li>Emergencia m\u00e9dica o de salud<\/li>\n\n\n\n<li>Fines hist\u00f3ricos, estad\u00edsticos o cient\u00edficos.<\/li>\n<\/ol>\n\n\n\n<p><strong>Derechos irrenunciables de los interesados \u200b\u200ben el tratamiento de datos personales<\/strong><\/p>\n\n\n\n<p>Al igual que muchos pa\u00edses, nuestro pa\u00eds reconoce los derechos ARCO, es decir el Derecho de Acceso, Derecho de Rectificaci\u00f3n, Derecho de Cancelaci\u00f3n, Derecho de Oposici\u00f3n y Derecho a la Portabilidad.<\/p>\n\n\n\n<p>Nuestra Ley permite al titular de los datos personales solicitar su informaci\u00f3n a los responsables del tratamiento, debiendo ser proporcionada en un plazo de diez d\u00edas h\u00e1biles. El suministro de la informaci\u00f3n, su modificaci\u00f3n, bloqueo o supresi\u00f3n ser\u00e1 gratuito.<\/p>\n\n\n\n<p>Los datos deber\u00e1n ser corregidos cuando sean err\u00f3neos, inexactos, enga\u00f1osos o incompletos dentro de los cinco d\u00edas h\u00e1biles siguientes a la solicitud de correcci\u00f3n. El responsable deber\u00e1 proceder cuando exista evidencia de la inexactitud de los datos.<\/p>\n\n\n\n<p>Si el responsable del tratamiento no resuelve la solicitud del titular dentro del plazo, \u00e9ste podr\u00e1 recurrir ante la Autoridad Nacional de Transparencia y Acceso a la Informaci\u00f3n (ANTAI). En los casos sujetos a leyes especiales, ante el regulador o autoridad regulatoria. En caso de que las sanciones por las infracciones cometidas no se encuentren en dichas leyes, el regulador aplicar\u00e1 las sanciones establecidas en esta Ley, sin perjuicio de que el titular tambi\u00e9n pueda presentar reclamo ante la Autoridad Nacional de Transparencia y Acceso a la Informaci\u00f3n (ANTAI) para que se apliquen las sanciones correspondientes y ante los tribunales de justicia para solicitar la indemnizaci\u00f3n por da\u00f1os y perjuicios materiales y\/o morales.<\/p>\n\n\n\n<p>El responsable del tratamiento o el custodio de la base de datos no podr\u00e1 transferir ni comunicar en ning\u00fan caso los datos relativos a una persona una vez transcurridos siete a\u00f1os desde que se extingui\u00f3 la obligaci\u00f3n legal de conservaci\u00f3n, salvo que se acuerde otro plazo. Estos datos deber\u00e1n suprimirse o restablecerse una relaci\u00f3n con el interesado y explicar por qu\u00e9 se siguen conservando los datos y cu\u00e1l es la nueva finalidad.<\/p>\n\n\n\n<p>La transferencia de datos es l\u00edcita si se cumple al menos una de las siguientes condiciones:<\/p>\n\n\n\n<ol class=\"wp-block-list\">\n<li>Consentimiento del interesado.<\/li>\n\n\n\n<li>Que el pa\u00eds o agencia receptora brinde un mejor nivel de protecci\u00f3n.<\/li>\n\n\n\n<li>Que as\u00ed est\u00e9 previsto en una Ley o Tratado.<\/li>\n\n\n\n<li>Para la prevenci\u00f3n del diagn\u00f3stico m\u00e9dico.<\/li>\n\n\n\n<li>La que se realiza a cualquier empresa del mismo grupo econ\u00f3mico siempre que no se utilicen para fines distintos.<\/li>\n\n\n\n<li>En virtud de un contrato.<\/li>\n\n\n\n<li>Es necesario para la salvaguarda de un inter\u00e9s p\u00fablico.<\/li>\n\n\n\n<li>Para el reconocimiento o defensa de un derecho en un proceso judicial.<\/li>\n\n\n\n<li>Para el mantenimiento o cumplimiento de una relaci\u00f3n jur\u00eddica.<\/li>\n\n\n\n<li>Requerido para transferencias bancarias o burs\u00e1tiles.<\/li>\n\n\n\n<li>Para la cooperaci\u00f3n internacional entre agencias de inteligencia en la lucha contra el crimen organizado, el terrorismo, el narcotr\u00e1fico, etc.<\/li>\n\n\n\n<li>Que el responsable del tratamiento que transfiera los datos adopte mecanismos de autorregulaci\u00f3n vinculantes.<\/li>\n\n\n\n<li>En caso de cl\u00e1usulas contractuales.<\/li>\n<\/ol>\n\n\n\n<p><strong>Consejo Consultivo y Autoridad de Supervisi\u00f3n<\/strong><\/p>\n\n\n\n<p>Se crea un Consejo de Protecci\u00f3n de Datos Personales como \u00f3rgano consultivo en la materia que asesora a la Autoridad Nacional de Transparencia y Acceso a la Informaci\u00f3n (ANTAI), recomienda pol\u00edticas p\u00fablicas relacionadas con la materia, eval\u00faa los casos presentados, brinda recomendaciones y elabora su reglamento interno.<\/p>\n\n\n\n<p>La Autoridad Nacional de Transparencia y Acceso a la Informaci\u00f3n (ANTAI), a trav\u00e9s de una Direcci\u00f3n creada para conocer esta materia, est\u00e1 facultada para sancionar al responsable del tratamiento de datos personales, as\u00ed como al custodio de bases de datos que determine haber vulnerado los derechos del titular de los datos personales. El Decreto Ejecutivo establece los criterios para la graduaci\u00f3n de las sanciones, las cuales depender\u00e1n de la intencionalidad, reincidencia, naturaleza y cuant\u00eda de los da\u00f1os causados, afectaci\u00f3n de derechos, adopci\u00f3n de medidas correctivas, entre otros.<\/p>\n\n\n\n<p>Las decisiones de la Direcci\u00f3n son impugnables mediante recurso de reconsideraci\u00f3n y son apelables ante el Director de la Autoridad Nacional de Transparencia y Acceso a la Informaci\u00f3n (ANTAI).<\/p>\n\n\n\n<p><strong>Infracciones y sanciones<\/strong><\/p>\n\n\n\n<p>La Autoridad podr\u00e1 fijar multas desde B\/.1,000.00 hasta B\/.10,000.00.<\/p>\n\n\n\n<p>Las infracciones se clasifican en leves, graves o muy graves:<\/p>\n\n\n\n<ul class=\"wp-block-list\">\n<li><strong>Menor <\/strong><strong>:<\/strong> no presentar o comunicar a la autoridad la informaci\u00f3n dentro del plazo establecido y puede dar lugar a una citaci\u00f3n de la autoridad.<\/li>\n\n\n\n<li><strong>Graves:<\/strong> realizar el Tratamiento sin el consentimiento del titular, la vulneraci\u00f3n de los principios y garant\u00edas establecidos, incumplir el compromiso de confidencialidad, restringir los derechos ARCO, incumplir el deber de informar al titular del Tratamiento, almacenar o archivar los datos sin condiciones de seguridad, no atender requerimientos y observaciones reiteradas de la autoridad, lo anterior puede dar lugar a una multa de B\/.1,000 a B\/.10,000, seg\u00fan su proporcionalidad.<\/li>\n\n\n\n<li><strong>Muy graves:<\/strong> recabar datos personales de forma fraudulenta, no observar las normas, no suspender el tratamiento cuando previamente lo haya solicitado la autoridad, almacenar o transferir datos personales internacionalmente y reincidir en infracciones graves, lo que podr\u00e1 dar lugar a la clausura de los registros de la base de datos y a la multa correspondiente, e incluso a la suspensi\u00f3n e inhabilitaci\u00f3n de la actividad de almacenamiento y\/o tratamiento.<\/li>\n<\/ul>\n\n\n\n<p>Por \u00faltimo, el Decreto Ejecutivo establece plazos para la prescripci\u00f3n de la acci\u00f3n y de la sanci\u00f3n:<\/p>\n\n\n\n<ul class=\"wp-block-list\">\n<li>Plazo de prescripci\u00f3n de la acci\u00f3n:<\/li>\n<\/ul>\n\n\n\n<ol class=\"wp-block-list\">\n<li>Infracciones leves en el plazo de 1 a\u00f1o.<\/li>\n\n\n\n<li>Infracciones graves en el plazo de 3 a\u00f1os.<\/li>\n\n\n\n<li>Infracciones muy graves en el plazo de 5 a\u00f1os.<\/li>\n<\/ol>\n\n\n\n<ul class=\"wp-block-list\">\n<li>Prescripci\u00f3n de la pena:<\/li>\n<\/ul>\n\n\n\n<ol class=\"wp-block-list\">\n<li>Sanciones menores en un plazo de 3 a\u00f1os.<\/li>\n\n\n\n<li>Sanciones graves en un plazo de 5 a\u00f1os.<\/li>\n\n\n\n<li>Las sanciones muy graves no prescriben.<\/li>\n<\/ol>\n\n\n\n<p>La Ley 81 de 26 de marzo de 2019, publicada en el Registro Oficial No. 28743-A, entr\u00f3 en plena vigencia el 29 de marzo de 2021 y el Decreto Ejecutivo 285 de 28 de mayo de 2021 entr\u00f3 en plena vigencia al momento de su promulgaci\u00f3n el 28 de mayo de 2021 y fue publicado en el Registro Oficial No. 29296-A.<\/p>\n","protected":false},"excerpt":{"rendered":"<p>Respecto a la protecci\u00f3n de datos personales en Panam\u00e1 a trav\u00e9s de la Ley 81 de 26 de<span class=\"excerpt-hellip\"> [\u2026]<\/span><\/p>\n","protected":false},"author":18,"featured_media":15926,"comment_status":"closed","ping_status":"closed","sticky":false,"template":"","format":"standard","meta":{"_joinchat":[],"footnotes":""},"categories":[1173,569],"tags":[886,800],"class_list":["post-18527","post","type-post","status-publish","format-standard","has-post-thumbnail","hentry","category-noticias-2","category-sin-categorizar","tag-mariela-de-la-guardia-es-2","tag-panama-es"],"yoast_head":"<!-- This site is optimized with the Yoast SEO Premium plugin v27.4 (Yoast SEO v27.4) - https:\/\/yoast.com\/product\/yoast-seo-premium-wordpress\/ -->\n<title>Ley de Protecci\u00f3n de Datos Personales y su reglamento en Panam\u00e1 - Icaza, Gonz\u00e1lez-Ruiz &amp; Alem\u00e1n<\/title>\n<meta name=\"robots\" content=\"index, follow, max-snippet:-1, max-image-preview:large, max-video-preview:-1\" \/>\n<link rel=\"canonical\" href=\"https:\/\/icazalaw.com\/es\/2021\/07\/ley-de-proteccion-de-datos-personales-y-su-reglamento-en-panama\/\" \/>\n<meta property=\"og:locale\" content=\"es_ES\" \/>\n<meta property=\"og:type\" content=\"article\" \/>\n<meta property=\"og:title\" content=\"Ley de Protecci\u00f3n de Datos Personales y su reglamento en Panam\u00e1\" \/>\n<meta property=\"og:description\" content=\"Respecto a la protecci\u00f3n de datos personales en Panam\u00e1 a trav\u00e9s de la Ley 81 de 26 de [\u2026]\" \/>\n<meta property=\"og:url\" content=\"https:\/\/icazalaw.com\/es\/2021\/07\/ley-de-proteccion-de-datos-personales-y-su-reglamento-en-panama\/\" \/>\n<meta property=\"og:site_name\" content=\"Icaza, Gonz\u00e1lez-Ruiz &amp; Alem\u00e1n\" \/>\n<meta property=\"article:published_time\" content=\"2021-07-01T15:32:32+00:00\" \/>\n<meta property=\"article:modified_time\" content=\"2024-08-09T22:58:06+00:00\" \/>\n<meta property=\"og:image\" content=\"https:\/\/icazalaw.com\/wp-content\/uploads\/2021\/07\/Mariela-de-la-Guardia-Proteccion-de-datos-IGRA.jpg\" \/>\n\t<meta property=\"og:image:width\" content=\"1080\" \/>\n\t<meta property=\"og:image:height\" content=\"1080\" \/>\n\t<meta property=\"og:image:type\" content=\"image\/jpeg\" \/>\n<meta name=\"author\" content=\"icazalaw editor\" \/>\n<meta name=\"twitter:card\" content=\"summary_large_image\" \/>\n<meta name=\"twitter:label1\" content=\"Escrito por\" \/>\n\t<meta name=\"twitter:data1\" content=\"icazalaw editor\" \/>\n\t<meta name=\"twitter:label2\" content=\"Tiempo de lectura\" \/>\n\t<meta name=\"twitter:data2\" content=\"14 minutos\" \/>\n<script type=\"application\/ld+json\" class=\"yoast-schema-graph\">{\"@context\":\"https:\\\/\\\/schema.org\",\"@graph\":[{\"@type\":\"Article\",\"@id\":\"https:\\\/\\\/icazalaw.com\\\/es\\\/2021\\\/07\\\/ley-de-proteccion-de-datos-personales-y-su-reglamento-en-panama\\\/#article\",\"isPartOf\":{\"@id\":\"https:\\\/\\\/icazalaw.com\\\/es\\\/2021\\\/07\\\/ley-de-proteccion-de-datos-personales-y-su-reglamento-en-panama\\\/\"},\"author\":{\"name\":\"icazalaw editor\",\"@id\":\"https:\\\/\\\/icazalaw.com\\\/es\\\/#\\\/schema\\\/person\\\/a9d0bc93c604b37021db0216a5ad0874\"},\"headline\":\"Ley de Protecci\u00f3n de Datos Personales y su reglamento en Panam\u00e1\",\"datePublished\":\"2021-07-01T15:32:32+00:00\",\"dateModified\":\"2024-08-09T22:58:06+00:00\",\"mainEntityOfPage\":{\"@id\":\"https:\\\/\\\/icazalaw.com\\\/es\\\/2021\\\/07\\\/ley-de-proteccion-de-datos-personales-y-su-reglamento-en-panama\\\/\"},\"wordCount\":2910,\"image\":{\"@id\":\"https:\\\/\\\/icazalaw.com\\\/es\\\/2021\\\/07\\\/ley-de-proteccion-de-datos-personales-y-su-reglamento-en-panama\\\/#primaryimage\"},\"thumbnailUrl\":\"https:\\\/\\\/icazalaw.com\\\/wp-content\\\/uploads\\\/2021\\\/07\\\/Mariela-de-la-Guardia-Proteccion-de-datos-IGRA.jpg\",\"keywords\":[\"Mariela de la Guardia\",\"Panama\"],\"articleSection\":[\"Noticias\",\"Sin categorizar\"],\"inLanguage\":\"es\"},{\"@type\":\"WebPage\",\"@id\":\"https:\\\/\\\/icazalaw.com\\\/es\\\/2021\\\/07\\\/ley-de-proteccion-de-datos-personales-y-su-reglamento-en-panama\\\/\",\"url\":\"https:\\\/\\\/icazalaw.com\\\/es\\\/2021\\\/07\\\/ley-de-proteccion-de-datos-personales-y-su-reglamento-en-panama\\\/\",\"name\":\"Ley de Protecci\u00f3n de Datos Personales y su reglamento en Panam\u00e1 - Icaza, Gonz\u00e1lez-Ruiz &amp; Alem\u00e1n\",\"isPartOf\":{\"@id\":\"https:\\\/\\\/icazalaw.com\\\/es\\\/#website\"},\"primaryImageOfPage\":{\"@id\":\"https:\\\/\\\/icazalaw.com\\\/es\\\/2021\\\/07\\\/ley-de-proteccion-de-datos-personales-y-su-reglamento-en-panama\\\/#primaryimage\"},\"image\":{\"@id\":\"https:\\\/\\\/icazalaw.com\\\/es\\\/2021\\\/07\\\/ley-de-proteccion-de-datos-personales-y-su-reglamento-en-panama\\\/#primaryimage\"},\"thumbnailUrl\":\"https:\\\/\\\/icazalaw.com\\\/wp-content\\\/uploads\\\/2021\\\/07\\\/Mariela-de-la-Guardia-Proteccion-de-datos-IGRA.jpg\",\"datePublished\":\"2021-07-01T15:32:32+00:00\",\"dateModified\":\"2024-08-09T22:58:06+00:00\",\"author\":{\"@id\":\"https:\\\/\\\/icazalaw.com\\\/es\\\/#\\\/schema\\\/person\\\/a9d0bc93c604b37021db0216a5ad0874\"},\"breadcrumb\":{\"@id\":\"https:\\\/\\\/icazalaw.com\\\/es\\\/2021\\\/07\\\/ley-de-proteccion-de-datos-personales-y-su-reglamento-en-panama\\\/#breadcrumb\"},\"inLanguage\":\"es\",\"potentialAction\":[{\"@type\":\"ReadAction\",\"target\":[\"https:\\\/\\\/icazalaw.com\\\/es\\\/2021\\\/07\\\/ley-de-proteccion-de-datos-personales-y-su-reglamento-en-panama\\\/\"]}]},{\"@type\":\"ImageObject\",\"inLanguage\":\"es\",\"@id\":\"https:\\\/\\\/icazalaw.com\\\/es\\\/2021\\\/07\\\/ley-de-proteccion-de-datos-personales-y-su-reglamento-en-panama\\\/#primaryimage\",\"url\":\"https:\\\/\\\/icazalaw.com\\\/wp-content\\\/uploads\\\/2021\\\/07\\\/Mariela-de-la-Guardia-Proteccion-de-datos-IGRA.jpg\",\"contentUrl\":\"https:\\\/\\\/icazalaw.com\\\/wp-content\\\/uploads\\\/2021\\\/07\\\/Mariela-de-la-Guardia-Proteccion-de-datos-IGRA.jpg\",\"width\":1080,\"height\":1080},{\"@type\":\"BreadcrumbList\",\"@id\":\"https:\\\/\\\/icazalaw.com\\\/es\\\/2021\\\/07\\\/ley-de-proteccion-de-datos-personales-y-su-reglamento-en-panama\\\/#breadcrumb\",\"itemListElement\":[{\"@type\":\"ListItem\",\"position\":1,\"name\":\"Home\",\"item\":\"https:\\\/\\\/icazalaw.com\\\/es\\\/\"},{\"@type\":\"ListItem\",\"position\":2,\"name\":\"Ley de Protecci\u00f3n de Datos Personales y su reglamento en Panam\u00e1\"}]},{\"@type\":\"WebSite\",\"@id\":\"https:\\\/\\\/icazalaw.com\\\/es\\\/#website\",\"url\":\"https:\\\/\\\/icazalaw.com\\\/es\\\/\",\"name\":\"Icaza, Gonz\u00e1lez-Ruiz &amp; Alem\u00e1n\",\"description\":\"Full-service law firm providing practical legal solutions to corporate and private clients worldwide.\",\"alternateName\":\"IGRA Attorneys\",\"potentialAction\":[{\"@type\":\"SearchAction\",\"target\":{\"@type\":\"EntryPoint\",\"urlTemplate\":\"https:\\\/\\\/icazalaw.com\\\/es\\\/?s={search_term_string}\"},\"query-input\":{\"@type\":\"PropertyValueSpecification\",\"valueRequired\":true,\"valueName\":\"search_term_string\"}}],\"inLanguage\":\"es\"},{\"@type\":\"Person\",\"@id\":\"https:\\\/\\\/icazalaw.com\\\/es\\\/#\\\/schema\\\/person\\\/a9d0bc93c604b37021db0216a5ad0874\",\"name\":\"icazalaw editor\",\"image\":{\"@type\":\"ImageObject\",\"inLanguage\":\"es\",\"@id\":\"https:\\\/\\\/secure.gravatar.com\\\/avatar\\\/330e04475f770961fa1c52d6991b2364f21a482efd480db503dafc5d6bbbaf7c?s=96&d=mm&r=g\",\"url\":\"https:\\\/\\\/secure.gravatar.com\\\/avatar\\\/330e04475f770961fa1c52d6991b2364f21a482efd480db503dafc5d6bbbaf7c?s=96&d=mm&r=g\",\"contentUrl\":\"https:\\\/\\\/secure.gravatar.com\\\/avatar\\\/330e04475f770961fa1c52d6991b2364f21a482efd480db503dafc5d6bbbaf7c?s=96&d=mm&r=g\",\"caption\":\"icazalaw editor\"},\"url\":\"https:\\\/\\\/icazalaw.com\\\/es\\\/author\\\/icazalaweditoronegmail-com\\\/\"}]}<\/script>\n<!-- \/ Yoast SEO Premium plugin. -->","yoast_head_json":{"title":"Ley de Protecci\u00f3n de Datos Personales y su reglamento en Panam\u00e1 - Icaza, Gonz\u00e1lez-Ruiz &amp; Alem\u00e1n","robots":{"index":"index","follow":"follow","max-snippet":"max-snippet:-1","max-image-preview":"max-image-preview:large","max-video-preview":"max-video-preview:-1"},"canonical":"https:\/\/icazalaw.com\/es\/2021\/07\/ley-de-proteccion-de-datos-personales-y-su-reglamento-en-panama\/","og_locale":"es_ES","og_type":"article","og_title":"Ley de Protecci\u00f3n de Datos Personales y su reglamento en Panam\u00e1","og_description":"Respecto a la protecci\u00f3n de datos personales en Panam\u00e1 a trav\u00e9s de la Ley 81 de 26 de [\u2026]","og_url":"https:\/\/icazalaw.com\/es\/2021\/07\/ley-de-proteccion-de-datos-personales-y-su-reglamento-en-panama\/","og_site_name":"Icaza, Gonz\u00e1lez-Ruiz &amp; Alem\u00e1n","article_published_time":"2021-07-01T15:32:32+00:00","article_modified_time":"2024-08-09T22:58:06+00:00","og_image":[{"width":1080,"height":1080,"url":"https:\/\/icazalaw.com\/wp-content\/uploads\/2021\/07\/Mariela-de-la-Guardia-Proteccion-de-datos-IGRA.jpg","type":"image\/jpeg"}],"author":"icazalaw editor","twitter_card":"summary_large_image","twitter_misc":{"Escrito por":"icazalaw editor","Tiempo de lectura":"14 minutos"},"schema":{"@context":"https:\/\/schema.org","@graph":[{"@type":"Article","@id":"https:\/\/icazalaw.com\/es\/2021\/07\/ley-de-proteccion-de-datos-personales-y-su-reglamento-en-panama\/#article","isPartOf":{"@id":"https:\/\/icazalaw.com\/es\/2021\/07\/ley-de-proteccion-de-datos-personales-y-su-reglamento-en-panama\/"},"author":{"name":"icazalaw editor","@id":"https:\/\/icazalaw.com\/es\/#\/schema\/person\/a9d0bc93c604b37021db0216a5ad0874"},"headline":"Ley de Protecci\u00f3n de Datos Personales y su reglamento en Panam\u00e1","datePublished":"2021-07-01T15:32:32+00:00","dateModified":"2024-08-09T22:58:06+00:00","mainEntityOfPage":{"@id":"https:\/\/icazalaw.com\/es\/2021\/07\/ley-de-proteccion-de-datos-personales-y-su-reglamento-en-panama\/"},"wordCount":2910,"image":{"@id":"https:\/\/icazalaw.com\/es\/2021\/07\/ley-de-proteccion-de-datos-personales-y-su-reglamento-en-panama\/#primaryimage"},"thumbnailUrl":"https:\/\/icazalaw.com\/wp-content\/uploads\/2021\/07\/Mariela-de-la-Guardia-Proteccion-de-datos-IGRA.jpg","keywords":["Mariela de la Guardia","Panama"],"articleSection":["Noticias","Sin categorizar"],"inLanguage":"es"},{"@type":"WebPage","@id":"https:\/\/icazalaw.com\/es\/2021\/07\/ley-de-proteccion-de-datos-personales-y-su-reglamento-en-panama\/","url":"https:\/\/icazalaw.com\/es\/2021\/07\/ley-de-proteccion-de-datos-personales-y-su-reglamento-en-panama\/","name":"Ley de Protecci\u00f3n de Datos Personales y su reglamento en Panam\u00e1 - Icaza, Gonz\u00e1lez-Ruiz &amp; Alem\u00e1n","isPartOf":{"@id":"https:\/\/icazalaw.com\/es\/#website"},"primaryImageOfPage":{"@id":"https:\/\/icazalaw.com\/es\/2021\/07\/ley-de-proteccion-de-datos-personales-y-su-reglamento-en-panama\/#primaryimage"},"image":{"@id":"https:\/\/icazalaw.com\/es\/2021\/07\/ley-de-proteccion-de-datos-personales-y-su-reglamento-en-panama\/#primaryimage"},"thumbnailUrl":"https:\/\/icazalaw.com\/wp-content\/uploads\/2021\/07\/Mariela-de-la-Guardia-Proteccion-de-datos-IGRA.jpg","datePublished":"2021-07-01T15:32:32+00:00","dateModified":"2024-08-09T22:58:06+00:00","author":{"@id":"https:\/\/icazalaw.com\/es\/#\/schema\/person\/a9d0bc93c604b37021db0216a5ad0874"},"breadcrumb":{"@id":"https:\/\/icazalaw.com\/es\/2021\/07\/ley-de-proteccion-de-datos-personales-y-su-reglamento-en-panama\/#breadcrumb"},"inLanguage":"es","potentialAction":[{"@type":"ReadAction","target":["https:\/\/icazalaw.com\/es\/2021\/07\/ley-de-proteccion-de-datos-personales-y-su-reglamento-en-panama\/"]}]},{"@type":"ImageObject","inLanguage":"es","@id":"https:\/\/icazalaw.com\/es\/2021\/07\/ley-de-proteccion-de-datos-personales-y-su-reglamento-en-panama\/#primaryimage","url":"https:\/\/icazalaw.com\/wp-content\/uploads\/2021\/07\/Mariela-de-la-Guardia-Proteccion-de-datos-IGRA.jpg","contentUrl":"https:\/\/icazalaw.com\/wp-content\/uploads\/2021\/07\/Mariela-de-la-Guardia-Proteccion-de-datos-IGRA.jpg","width":1080,"height":1080},{"@type":"BreadcrumbList","@id":"https:\/\/icazalaw.com\/es\/2021\/07\/ley-de-proteccion-de-datos-personales-y-su-reglamento-en-panama\/#breadcrumb","itemListElement":[{"@type":"ListItem","position":1,"name":"Home","item":"https:\/\/icazalaw.com\/es\/"},{"@type":"ListItem","position":2,"name":"Ley de Protecci\u00f3n de Datos Personales y su reglamento en Panam\u00e1"}]},{"@type":"WebSite","@id":"https:\/\/icazalaw.com\/es\/#website","url":"https:\/\/icazalaw.com\/es\/","name":"Icaza, Gonz\u00e1lez-Ruiz &amp; Alem\u00e1n","description":"Full-service law firm providing practical legal solutions to corporate and private clients worldwide.","alternateName":"IGRA Attorneys","potentialAction":[{"@type":"SearchAction","target":{"@type":"EntryPoint","urlTemplate":"https:\/\/icazalaw.com\/es\/?s={search_term_string}"},"query-input":{"@type":"PropertyValueSpecification","valueRequired":true,"valueName":"search_term_string"}}],"inLanguage":"es"},{"@type":"Person","@id":"https:\/\/icazalaw.com\/es\/#\/schema\/person\/a9d0bc93c604b37021db0216a5ad0874","name":"icazalaw editor","image":{"@type":"ImageObject","inLanguage":"es","@id":"https:\/\/secure.gravatar.com\/avatar\/330e04475f770961fa1c52d6991b2364f21a482efd480db503dafc5d6bbbaf7c?s=96&d=mm&r=g","url":"https:\/\/secure.gravatar.com\/avatar\/330e04475f770961fa1c52d6991b2364f21a482efd480db503dafc5d6bbbaf7c?s=96&d=mm&r=g","contentUrl":"https:\/\/secure.gravatar.com\/avatar\/330e04475f770961fa1c52d6991b2364f21a482efd480db503dafc5d6bbbaf7c?s=96&d=mm&r=g","caption":"icazalaw editor"},"url":"https:\/\/icazalaw.com\/es\/author\/icazalaweditoronegmail-com\/"}]}},"_links":{"self":[{"href":"https:\/\/icazalaw.com\/es\/wp-json\/wp\/v2\/posts\/18527","targetHints":{"allow":["GET"]}}],"collection":[{"href":"https:\/\/icazalaw.com\/es\/wp-json\/wp\/v2\/posts"}],"about":[{"href":"https:\/\/icazalaw.com\/es\/wp-json\/wp\/v2\/types\/post"}],"author":[{"embeddable":true,"href":"https:\/\/icazalaw.com\/es\/wp-json\/wp\/v2\/users\/18"}],"replies":[{"embeddable":true,"href":"https:\/\/icazalaw.com\/es\/wp-json\/wp\/v2\/comments?post=18527"}],"version-history":[{"count":0,"href":"https:\/\/icazalaw.com\/es\/wp-json\/wp\/v2\/posts\/18527\/revisions"}],"wp:featuredmedia":[{"embeddable":true,"href":"https:\/\/icazalaw.com\/es\/wp-json\/wp\/v2\/media\/15926"}],"wp:attachment":[{"href":"https:\/\/icazalaw.com\/es\/wp-json\/wp\/v2\/media?parent=18527"}],"wp:term":[{"taxonomy":"category","embeddable":true,"href":"https:\/\/icazalaw.com\/es\/wp-json\/wp\/v2\/categories?post=18527"},{"taxonomy":"post_tag","embeddable":true,"href":"https:\/\/icazalaw.com\/es\/wp-json\/wp\/v2\/tags?post=18527"}],"curies":[{"name":"wp","href":"https:\/\/api.w.org\/{rel}","templated":true}]}}