{"id":25292,"date":"2025-04-02T12:00:00","date_gmt":"2025-04-02T17:00:00","guid":{"rendered":"https:\/\/icazalaw.com\/?p=25292"},"modified":"2025-04-16T11:35:13","modified_gmt":"2025-04-16T16:35:13","slug":"despedida-de-irene-saus-en-nuestras-oficinas-de-ginebra-suiza","status":"publish","type":"post","link":"https:\/\/icazalaw.com\/es\/2025\/04\/despedida-de-irene-saus-en-nuestras-oficinas-de-ginebra-suiza\/","title":{"rendered":"Despedida de Ir\u00e8ne Saus en nuestras oficinas de Ginebra, Suiza"},"content":{"rendered":"\n<p>Celebramos la despedida de nuestra querida Ir\u00e8ne \u201cMadame Saus\u201d en nuestras oficinas de Ginebra, Suiza.<\/p>\n\n\n\n<p>Ir\u00e8ne Saus, junto a nuestro socio consejero, Dr. Roberto Alem\u00e1n, fue pieza clave en la fundaci\u00f3n de nuestra oficina en Ginebra, Suiza. Durante los 33 a\u00f1os que Madame Saus form\u00f3 parte de nuestra firma se destac\u00f3 por su lealtad, tenacidad, profesionalismo y su \u00absavoir faire\u00bb suizo.<\/p>\n\n\n\n<p>Le deseamos lo mejor en esta nueva etapa de su vida, colmada de momentos gratificantes, nuevos proyectos y felicidad.<\/p>\n\n\n\n<figure class=\"wp-block-gallery has-nested-images columns-default is-cropped wp-block-gallery-1 is-layout-flex wp-block-gallery-is-layout-flex\">\n<figure class=\"wp-block-image size-large\"><img decoding=\"async\" width=\"600\" height=\"400\" data-id=\"25362\" src=\"https:\/\/icazalaw.com\/wp-content\/uploads\/2025\/04\/1-1.jpg\" alt=\"\" class=\"wp-image-25362\" srcset=\"https:\/\/icazalaw.com\/wp-content\/uploads\/2025\/04\/1-1.jpg 600w, https:\/\/icazalaw.com\/wp-content\/uploads\/2025\/04\/1-1-300x200.jpg 300w, https:\/\/icazalaw.com\/wp-content\/uploads\/2025\/04\/1-1-150x100.jpg 150w, https:\/\/icazalaw.com\/wp-content\/uploads\/2025\/04\/1-1-113x75.jpg 113w, https:\/\/icazalaw.com\/wp-content\/uploads\/2025\/04\/1-1-480x320.jpg 480w\" sizes=\"(max-width:767px) 480px, 600px\" \/><\/figure>\n\n\n\n<figure class=\"wp-block-image size-large\"><img decoding=\"async\" width=\"600\" height=\"400\" data-id=\"25360\" src=\"https:\/\/icazalaw.com\/wp-content\/uploads\/2025\/04\/3-4.jpg\" alt=\"\" class=\"wp-image-25360\" srcset=\"https:\/\/icazalaw.com\/wp-content\/uploads\/2025\/04\/3-4.jpg 600w, https:\/\/icazalaw.com\/wp-content\/uploads\/2025\/04\/3-4-300x200.jpg 300w, https:\/\/icazalaw.com\/wp-content\/uploads\/2025\/04\/3-4-150x100.jpg 150w, https:\/\/icazalaw.com\/wp-content\/uploads\/2025\/04\/3-4-113x75.jpg 113w, https:\/\/icazalaw.com\/wp-content\/uploads\/2025\/04\/3-4-480x320.jpg 480w\" sizes=\"(max-width:767px) 480px, 600px\" \/><\/figure>\n\n\n\n<figure class=\"wp-block-image size-large\"><img decoding=\"async\" width=\"600\" height=\"400\" data-id=\"25361\" src=\"https:\/\/icazalaw.com\/wp-content\/uploads\/2025\/04\/5.jpg\" alt=\"\" class=\"wp-image-25361\" srcset=\"https:\/\/icazalaw.com\/wp-content\/uploads\/2025\/04\/5.jpg 600w, https:\/\/icazalaw.com\/wp-content\/uploads\/2025\/04\/5-300x200.jpg 300w, https:\/\/icazalaw.com\/wp-content\/uploads\/2025\/04\/5-150x100.jpg 150w, https:\/\/icazalaw.com\/wp-content\/uploads\/2025\/04\/5-113x75.jpg 113w, https:\/\/icazalaw.com\/wp-content\/uploads\/2025\/04\/5-480x320.jpg 480w\" sizes=\"(max-width:767px) 480px, 600px\" \/><\/figure>\n<\/figure>\n","protected":false},"excerpt":{"rendered":"<p>Celebramos la despedida de nuestra querida Ir\u00e8ne \u201cMadame Saus\u201d en nuestras oficinas de Ginebra, Suiza. Ir\u00e8ne Saus, junto<span class=\"excerpt-hellip\"> [\u2026]<\/span><\/p>\n","protected":false},"author":17,"featured_media":25360,"comment_status":"open","ping_status":"open","sticky":false,"template":"","format":"standard","meta":{"_joinchat":[],"footnotes":""},"categories":[1173,569],"tags":[1214,951,922,1310,1309],"class_list":["post-25292","post","type-post","status-publish","format-standard","has-post-thumbnail","hentry","category-noticias-2","category-sin-categorizar","tag-1214","tag-icaza-es","tag-icaza-gonzalez-ruiz-aleman-icaza-es","tag-madame-saus","tag-suiza"],"yoast_head":"<!-- This site is optimized with the Yoast SEO Premium plugin v27.4 (Yoast SEO v27.5) - https:\/\/yoast.com\/product\/yoast-seo-premium-wordpress\/ -->\n<title>Despedida de Ir\u00e8ne Saus en nuestras oficinas de Ginebra, Suiza - Icaza, Gonz\u00e1lez-Ruiz &amp; Alem\u00e1n<\/title>\n<meta name=\"description\" content=\"Celebramos la despedida de nuestra querida Ir\u00e8ne \u201cMadame Saus\u201d, con algunos clientes, en nuestras oficinas de Ginebra, Suiza.\" \/>\n<meta name=\"robots\" content=\"index, follow, max-snippet:-1, max-image-preview:large, max-video-preview:-1\" \/>\n<link rel=\"canonical\" href=\"https:\/\/icazalaw.com\/es\/2025\/04\/despedida-de-irene-saus-en-nuestras-oficinas-de-ginebra-suiza\/\" \/>\n<meta property=\"og:locale\" content=\"es_ES\" \/>\n<meta property=\"og:type\" content=\"article\" \/>\n<meta property=\"og:title\" content=\"Despedida de Ir\u00e8ne Saus en nuestras oficinas de Ginebra, Suiza\" \/>\n<meta property=\"og:description\" content=\"Celebramos la despedida de nuestra querida Ir\u00e8ne \u201cMadame Saus\u201d, con algunos clientes, en nuestras oficinas de Ginebra, Suiza.\" \/>\n<meta property=\"og:url\" content=\"https:\/\/icazalaw.com\/es\/2025\/04\/despedida-de-irene-saus-en-nuestras-oficinas-de-ginebra-suiza\/\" \/>\n<meta property=\"og:site_name\" content=\"Icaza, Gonz\u00e1lez-Ruiz &amp; Alem\u00e1n\" \/>\n<meta property=\"article:published_time\" content=\"2025-04-02T17:00:00+00:00\" \/>\n<meta property=\"article:modified_time\" content=\"2025-04-16T16:35:13+00:00\" \/>\n<meta property=\"og:image\" content=\"https:\/\/icazalaw.com\/wp-content\/uploads\/2025\/04\/3-4.jpg\" \/>\n\t<meta property=\"og:image:width\" content=\"600\" \/>\n\t<meta property=\"og:image:height\" content=\"400\" \/>\n\t<meta property=\"og:image:type\" content=\"image\/jpeg\" \/>\n<meta name=\"author\" content=\"Andrea Camargo\" \/>\n<meta name=\"twitter:card\" content=\"summary_large_image\" \/>\n<meta name=\"twitter:label1\" content=\"Escrito por\" \/>\n\t<meta name=\"twitter:data1\" content=\"Andrea Camargo\" \/>\n\t<meta name=\"twitter:label2\" content=\"Tiempo de lectura\" \/>\n\t<meta name=\"twitter:data2\" content=\"2 minutos\" \/>\n<script type=\"application\/ld+json\" class=\"yoast-schema-graph\">{\"@context\":\"https:\\\/\\\/schema.org\",\"@graph\":[{\"@type\":\"Article\",\"@id\":\"https:\\\/\\\/icazalaw.com\\\/es\\\/2025\\\/04\\\/despedida-de-irene-saus-en-nuestras-oficinas-de-ginebra-suiza\\\/#article\",\"isPartOf\":{\"@id\":\"https:\\\/\\\/icazalaw.com\\\/es\\\/2025\\\/04\\\/despedida-de-irene-saus-en-nuestras-oficinas-de-ginebra-suiza\\\/\"},\"author\":{\"name\":\"Andrea Camargo\",\"@id\":\"https:\\\/\\\/icazalaw.com\\\/es\\\/#\\\/schema\\\/person\\\/b35fe9845de3a66c12ae4ca2f957c4b9\"},\"headline\":\"Despedida de Ir\u00e8ne Saus en nuestras oficinas de Ginebra, Suiza\",\"datePublished\":\"2025-04-02T17:00:00+00:00\",\"dateModified\":\"2025-04-16T16:35:13+00:00\",\"mainEntityOfPage\":{\"@id\":\"https:\\\/\\\/icazalaw.com\\\/es\\\/2025\\\/04\\\/despedida-de-irene-saus-en-nuestras-oficinas-de-ginebra-suiza\\\/\"},\"wordCount\":95,\"commentCount\":0,\"image\":{\"@id\":\"https:\\\/\\\/icazalaw.com\\\/es\\\/2025\\\/04\\\/despedida-de-irene-saus-en-nuestras-oficinas-de-ginebra-suiza\\\/#primaryimage\"},\"thumbnailUrl\":\"https:\\\/\\\/icazalaw.com\\\/wp-content\\\/uploads\\\/2025\\\/04\\\/3-4.jpg\",\"keywords\":[\"2025\",\"Icaza\",\"Icaza Gonz\u00e1lez-Ruiz &amp; Alem\u00e1n Icaza\",\"Madame Saus\",\"Suiza\"],\"articleSection\":[\"Noticias\",\"Sin categorizar\"],\"inLanguage\":\"es\",\"potentialAction\":[{\"@type\":\"CommentAction\",\"name\":\"Comment\",\"target\":[\"https:\\\/\\\/icazalaw.com\\\/es\\\/2025\\\/04\\\/despedida-de-irene-saus-en-nuestras-oficinas-de-ginebra-suiza\\\/#respond\"]}]},{\"@type\":\"WebPage\",\"@id\":\"https:\\\/\\\/icazalaw.com\\\/es\\\/2025\\\/04\\\/despedida-de-irene-saus-en-nuestras-oficinas-de-ginebra-suiza\\\/\",\"url\":\"https:\\\/\\\/icazalaw.com\\\/es\\\/2025\\\/04\\\/despedida-de-irene-saus-en-nuestras-oficinas-de-ginebra-suiza\\\/\",\"name\":\"Despedida de Ir\u00e8ne Saus en nuestras oficinas de Ginebra, Suiza - Icaza, Gonz\u00e1lez-Ruiz &amp; Alem\u00e1n\",\"isPartOf\":{\"@id\":\"https:\\\/\\\/icazalaw.com\\\/es\\\/#website\"},\"primaryImageOfPage\":{\"@id\":\"https:\\\/\\\/icazalaw.com\\\/es\\\/2025\\\/04\\\/despedida-de-irene-saus-en-nuestras-oficinas-de-ginebra-suiza\\\/#primaryimage\"},\"image\":{\"@id\":\"https:\\\/\\\/icazalaw.com\\\/es\\\/2025\\\/04\\\/despedida-de-irene-saus-en-nuestras-oficinas-de-ginebra-suiza\\\/#primaryimage\"},\"thumbnailUrl\":\"https:\\\/\\\/icazalaw.com\\\/wp-content\\\/uploads\\\/2025\\\/04\\\/3-4.jpg\",\"datePublished\":\"2025-04-02T17:00:00+00:00\",\"dateModified\":\"2025-04-16T16:35:13+00:00\",\"author\":{\"@id\":\"https:\\\/\\\/icazalaw.com\\\/es\\\/#\\\/schema\\\/person\\\/b35fe9845de3a66c12ae4ca2f957c4b9\"},\"description\":\"Celebramos la despedida de nuestra querida Ir\u00e8ne \u201cMadame Saus\u201d, con algunos clientes, en nuestras oficinas de Ginebra, Suiza.\",\"breadcrumb\":{\"@id\":\"https:\\\/\\\/icazalaw.com\\\/es\\\/2025\\\/04\\\/despedida-de-irene-saus-en-nuestras-oficinas-de-ginebra-suiza\\\/#breadcrumb\"},\"inLanguage\":\"es\",\"potentialAction\":[{\"@type\":\"ReadAction\",\"target\":[\"https:\\\/\\\/icazalaw.com\\\/es\\\/2025\\\/04\\\/despedida-de-irene-saus-en-nuestras-oficinas-de-ginebra-suiza\\\/\"]}]},{\"@type\":\"ImageObject\",\"inLanguage\":\"es\",\"@id\":\"https:\\\/\\\/icazalaw.com\\\/es\\\/2025\\\/04\\\/despedida-de-irene-saus-en-nuestras-oficinas-de-ginebra-suiza\\\/#primaryimage\",\"url\":\"https:\\\/\\\/icazalaw.com\\\/wp-content\\\/uploads\\\/2025\\\/04\\\/3-4.jpg\",\"contentUrl\":\"https:\\\/\\\/icazalaw.com\\\/wp-content\\\/uploads\\\/2025\\\/04\\\/3-4.jpg\",\"width\":600,\"height\":400},{\"@type\":\"BreadcrumbList\",\"@id\":\"https:\\\/\\\/icazalaw.com\\\/es\\\/2025\\\/04\\\/despedida-de-irene-saus-en-nuestras-oficinas-de-ginebra-suiza\\\/#breadcrumb\",\"itemListElement\":[{\"@type\":\"ListItem\",\"position\":1,\"name\":\"Home\",\"item\":\"https:\\\/\\\/icazalaw.com\\\/es\\\/\"},{\"@type\":\"ListItem\",\"position\":2,\"name\":\"Despedida de Ir\u00e8ne Saus en nuestras oficinas de Ginebra, Suiza\"}]},{\"@type\":\"WebSite\",\"@id\":\"https:\\\/\\\/icazalaw.com\\\/es\\\/#website\",\"url\":\"https:\\\/\\\/icazalaw.com\\\/es\\\/\",\"name\":\"Icaza, Gonz\u00e1lez-Ruiz &amp; Alem\u00e1n\",\"description\":\"Full-service law firm providing practical legal solutions to corporate and private clients worldwide.\",\"alternateName\":\"IGRA Attorneys\",\"potentialAction\":[{\"@type\":\"SearchAction\",\"target\":{\"@type\":\"EntryPoint\",\"urlTemplate\":\"https:\\\/\\\/icazalaw.com\\\/es\\\/?s={search_term_string}\"},\"query-input\":{\"@type\":\"PropertyValueSpecification\",\"valueRequired\":true,\"valueName\":\"search_term_string\"}}],\"inLanguage\":\"es\"},{\"@type\":\"Person\",\"@id\":\"https:\\\/\\\/icazalaw.com\\\/es\\\/#\\\/schema\\\/person\\\/b35fe9845de3a66c12ae4ca2f957c4b9\",\"name\":\"Andrea Camargo\",\"image\":{\"@type\":\"ImageObject\",\"inLanguage\":\"es\",\"@id\":\"https:\\\/\\\/secure.gravatar.com\\\/avatar\\\/9cd144181868c74eac53a2b680913a1f4c3a308071f2bf86ac1ce17c6d9c0b57?s=96&d=mm&r=g\",\"url\":\"https:\\\/\\\/secure.gravatar.com\\\/avatar\\\/9cd144181868c74eac53a2b680913a1f4c3a308071f2bf86ac1ce17c6d9c0b57?s=96&d=mm&r=g\",\"contentUrl\":\"https:\\\/\\\/secure.gravatar.com\\\/avatar\\\/9cd144181868c74eac53a2b680913a1f4c3a308071f2bf86ac1ce17c6d9c0b57?s=96&d=mm&r=g\",\"caption\":\"Andrea Camargo\"},\"url\":\"https:\\\/\\\/icazalaw.com\\\/es\\\/author\\\/stinoco\\\/\"}]}<\/script>\n<!-- \/ Yoast SEO Premium plugin. -->","yoast_head_json":{"title":"Despedida de Ir\u00e8ne Saus en nuestras oficinas de Ginebra, Suiza - Icaza, Gonz\u00e1lez-Ruiz &amp; Alem\u00e1n","description":"Celebramos la despedida de nuestra querida Ir\u00e8ne \u201cMadame Saus\u201d, con algunos clientes, en nuestras oficinas de Ginebra, Suiza.","robots":{"index":"index","follow":"follow","max-snippet":"max-snippet:-1","max-image-preview":"max-image-preview:large","max-video-preview":"max-video-preview:-1"},"canonical":"https:\/\/icazalaw.com\/es\/2025\/04\/despedida-de-irene-saus-en-nuestras-oficinas-de-ginebra-suiza\/","og_locale":"es_ES","og_type":"article","og_title":"Despedida de Ir\u00e8ne Saus en nuestras oficinas de Ginebra, Suiza","og_description":"Celebramos la despedida de nuestra querida Ir\u00e8ne \u201cMadame Saus\u201d, con algunos clientes, en nuestras oficinas de Ginebra, Suiza.","og_url":"https:\/\/icazalaw.com\/es\/2025\/04\/despedida-de-irene-saus-en-nuestras-oficinas-de-ginebra-suiza\/","og_site_name":"Icaza, Gonz\u00e1lez-Ruiz &amp; Alem\u00e1n","article_published_time":"2025-04-02T17:00:00+00:00","article_modified_time":"2025-04-16T16:35:13+00:00","og_image":[{"width":600,"height":400,"url":"https:\/\/icazalaw.com\/wp-content\/uploads\/2025\/04\/3-4.jpg","type":"image\/jpeg"}],"author":"Andrea Camargo","twitter_card":"summary_large_image","twitter_misc":{"Escrito por":"Andrea Camargo","Tiempo de lectura":"2 minutos"},"schema":{"@context":"https:\/\/schema.org","@graph":[{"@type":"Article","@id":"https:\/\/icazalaw.com\/es\/2025\/04\/despedida-de-irene-saus-en-nuestras-oficinas-de-ginebra-suiza\/#article","isPartOf":{"@id":"https:\/\/icazalaw.com\/es\/2025\/04\/despedida-de-irene-saus-en-nuestras-oficinas-de-ginebra-suiza\/"},"author":{"name":"Andrea Camargo","@id":"https:\/\/icazalaw.com\/es\/#\/schema\/person\/b35fe9845de3a66c12ae4ca2f957c4b9"},"headline":"Despedida de Ir\u00e8ne Saus en nuestras oficinas de Ginebra, Suiza","datePublished":"2025-04-02T17:00:00+00:00","dateModified":"2025-04-16T16:35:13+00:00","mainEntityOfPage":{"@id":"https:\/\/icazalaw.com\/es\/2025\/04\/despedida-de-irene-saus-en-nuestras-oficinas-de-ginebra-suiza\/"},"wordCount":95,"commentCount":0,"image":{"@id":"https:\/\/icazalaw.com\/es\/2025\/04\/despedida-de-irene-saus-en-nuestras-oficinas-de-ginebra-suiza\/#primaryimage"},"thumbnailUrl":"https:\/\/icazalaw.com\/wp-content\/uploads\/2025\/04\/3-4.jpg","keywords":["2025","Icaza","Icaza Gonz\u00e1lez-Ruiz &amp; Alem\u00e1n Icaza","Madame Saus","Suiza"],"articleSection":["Noticias","Sin categorizar"],"inLanguage":"es","potentialAction":[{"@type":"CommentAction","name":"Comment","target":["https:\/\/icazalaw.com\/es\/2025\/04\/despedida-de-irene-saus-en-nuestras-oficinas-de-ginebra-suiza\/#respond"]}]},{"@type":"WebPage","@id":"https:\/\/icazalaw.com\/es\/2025\/04\/despedida-de-irene-saus-en-nuestras-oficinas-de-ginebra-suiza\/","url":"https:\/\/icazalaw.com\/es\/2025\/04\/despedida-de-irene-saus-en-nuestras-oficinas-de-ginebra-suiza\/","name":"Despedida de Ir\u00e8ne Saus en nuestras oficinas de Ginebra, Suiza - Icaza, Gonz\u00e1lez-Ruiz &amp; Alem\u00e1n","isPartOf":{"@id":"https:\/\/icazalaw.com\/es\/#website"},"primaryImageOfPage":{"@id":"https:\/\/icazalaw.com\/es\/2025\/04\/despedida-de-irene-saus-en-nuestras-oficinas-de-ginebra-suiza\/#primaryimage"},"image":{"@id":"https:\/\/icazalaw.com\/es\/2025\/04\/despedida-de-irene-saus-en-nuestras-oficinas-de-ginebra-suiza\/#primaryimage"},"thumbnailUrl":"https:\/\/icazalaw.com\/wp-content\/uploads\/2025\/04\/3-4.jpg","datePublished":"2025-04-02T17:00:00+00:00","dateModified":"2025-04-16T16:35:13+00:00","author":{"@id":"https:\/\/icazalaw.com\/es\/#\/schema\/person\/b35fe9845de3a66c12ae4ca2f957c4b9"},"description":"Celebramos la despedida de nuestra querida Ir\u00e8ne \u201cMadame Saus\u201d, con algunos clientes, en nuestras oficinas de Ginebra, Suiza.","breadcrumb":{"@id":"https:\/\/icazalaw.com\/es\/2025\/04\/despedida-de-irene-saus-en-nuestras-oficinas-de-ginebra-suiza\/#breadcrumb"},"inLanguage":"es","potentialAction":[{"@type":"ReadAction","target":["https:\/\/icazalaw.com\/es\/2025\/04\/despedida-de-irene-saus-en-nuestras-oficinas-de-ginebra-suiza\/"]}]},{"@type":"ImageObject","inLanguage":"es","@id":"https:\/\/icazalaw.com\/es\/2025\/04\/despedida-de-irene-saus-en-nuestras-oficinas-de-ginebra-suiza\/#primaryimage","url":"https:\/\/icazalaw.com\/wp-content\/uploads\/2025\/04\/3-4.jpg","contentUrl":"https:\/\/icazalaw.com\/wp-content\/uploads\/2025\/04\/3-4.jpg","width":600,"height":400},{"@type":"BreadcrumbList","@id":"https:\/\/icazalaw.com\/es\/2025\/04\/despedida-de-irene-saus-en-nuestras-oficinas-de-ginebra-suiza\/#breadcrumb","itemListElement":[{"@type":"ListItem","position":1,"name":"Home","item":"https:\/\/icazalaw.com\/es\/"},{"@type":"ListItem","position":2,"name":"Despedida de Ir\u00e8ne Saus en nuestras oficinas de Ginebra, Suiza"}]},{"@type":"WebSite","@id":"https:\/\/icazalaw.com\/es\/#website","url":"https:\/\/icazalaw.com\/es\/","name":"Icaza, Gonz\u00e1lez-Ruiz &amp; Alem\u00e1n","description":"Full-service law firm providing practical legal solutions to corporate and private clients worldwide.","alternateName":"IGRA Attorneys","potentialAction":[{"@type":"SearchAction","target":{"@type":"EntryPoint","urlTemplate":"https:\/\/icazalaw.com\/es\/?s={search_term_string}"},"query-input":{"@type":"PropertyValueSpecification","valueRequired":true,"valueName":"search_term_string"}}],"inLanguage":"es"},{"@type":"Person","@id":"https:\/\/icazalaw.com\/es\/#\/schema\/person\/b35fe9845de3a66c12ae4ca2f957c4b9","name":"Andrea Camargo","image":{"@type":"ImageObject","inLanguage":"es","@id":"https:\/\/secure.gravatar.com\/avatar\/9cd144181868c74eac53a2b680913a1f4c3a308071f2bf86ac1ce17c6d9c0b57?s=96&d=mm&r=g","url":"https:\/\/secure.gravatar.com\/avatar\/9cd144181868c74eac53a2b680913a1f4c3a308071f2bf86ac1ce17c6d9c0b57?s=96&d=mm&r=g","contentUrl":"https:\/\/secure.gravatar.com\/avatar\/9cd144181868c74eac53a2b680913a1f4c3a308071f2bf86ac1ce17c6d9c0b57?s=96&d=mm&r=g","caption":"Andrea Camargo"},"url":"https:\/\/icazalaw.com\/es\/author\/stinoco\/"}]}},"_links":{"self":[{"href":"https:\/\/icazalaw.com\/es\/wp-json\/wp\/v2\/posts\/25292","targetHints":{"allow":["GET"]}}],"collection":[{"href":"https:\/\/icazalaw.com\/es\/wp-json\/wp\/v2\/posts"}],"about":[{"href":"https:\/\/icazalaw.com\/es\/wp-json\/wp\/v2\/types\/post"}],"author":[{"embeddable":true,"href":"https:\/\/icazalaw.com\/es\/wp-json\/wp\/v2\/users\/17"}],"replies":[{"embeddable":true,"href":"https:\/\/icazalaw.com\/es\/wp-json\/wp\/v2\/comments?post=25292"}],"version-history":[{"count":3,"href":"https:\/\/icazalaw.com\/es\/wp-json\/wp\/v2\/posts\/25292\/revisions"}],"predecessor-version":[{"id":25366,"href":"https:\/\/icazalaw.com\/es\/wp-json\/wp\/v2\/posts\/25292\/revisions\/25366"}],"wp:featuredmedia":[{"embeddable":true,"href":"https:\/\/icazalaw.com\/es\/wp-json\/wp\/v2\/media\/25360"}],"wp:attachment":[{"href":"https:\/\/icazalaw.com\/es\/wp-json\/wp\/v2\/media?parent=25292"}],"wp:term":[{"taxonomy":"category","embeddable":true,"href":"https:\/\/icazalaw.com\/es\/wp-json\/wp\/v2\/categories?post=25292"},{"taxonomy":"post_tag","embeddable":true,"href":"https:\/\/icazalaw.com\/es\/wp-json\/wp\/v2\/tags?post=25292"}],"curies":[{"name":"wp","href":"https:\/\/api.w.org\/{rel}","templated":true}]}}