{"id":26511,"date":"2025-09-02T12:00:56","date_gmt":"2025-09-02T17:00:56","guid":{"rendered":"https:\/\/icazalaw.com\/?p=26511"},"modified":"2025-09-02T12:55:56","modified_gmt":"2025-09-02T17:55:56","slug":"decreto-ejecutivo-no-17-de-2025-certificados-medicos-de-incapacidad","status":"publish","type":"post","link":"https:\/\/icazalaw.com\/es\/2025\/09\/decreto-ejecutivo-no-17-de-2025-certificados-medicos-de-incapacidad\/","title":{"rendered":"Decreto Ejecutivo No. 17 de 2025 &#8211; Certificados M\u00e9dicos de Incapacidad"},"content":{"rendered":"\n<h3 class=\"wp-block-heading\">Una respuesta al abuso en la compra o fabricaci\u00f3n de certificados m\u00e9dicos de incapacidad<\/h3>\n\n\n\n<p><strong>Por: <a href=\"https:\/\/icazalaw.com\/es\/expertos\/estefania-guardia-mendieta\/\">Estefan\u00eda Guardia<\/a><\/strong><\/p>\n\n\n<div class=\"wp-block-image\">\n<figure class=\"alignleft size-large is-resized\"><img decoding=\"async\" width=\"994\" height=\"1024\" src=\"https:\/\/icazalaw.com\/wp-content\/uploads\/2024\/08\/Estefania-Guardia-1-994x1024.jpg\" alt=\"Estefania Guardia\" class=\"wp-image-19275\" style=\"width:171px\" srcset=\"https:\/\/icazalaw.com\/wp-content\/uploads\/2024\/08\/Estefania-Guardia-1-994x1024.jpg 994w, https:\/\/icazalaw.com\/wp-content\/uploads\/2024\/08\/Estefania-Guardia-1-291x300.jpg 291w, https:\/\/icazalaw.com\/wp-content\/uploads\/2024\/08\/Estefania-Guardia-1-768x791.jpg 768w, https:\/\/icazalaw.com\/wp-content\/uploads\/2024\/08\/Estefania-Guardia-1-1492x1536.jpg 1492w, https:\/\/icazalaw.com\/wp-content\/uploads\/2024\/08\/Estefania-Guardia-1-1989x2048.jpg 1989w, https:\/\/icazalaw.com\/wp-content\/uploads\/2024\/08\/Estefania-Guardia-1-73x75.jpg 73w, https:\/\/icazalaw.com\/wp-content\/uploads\/2024\/08\/Estefania-Guardia-1-480x494.jpg 480w\" sizes=\"(max-width:767px) 480px, (max-width:994px) 100vw, 994px\" \/><\/figure>\n<\/div>\n\n\n<p>En los \u00faltimos a\u00f1os, ha aumentado la frecuencia con la que los empleadores solicitan a las cl\u00ednicas o centros de salud, p\u00fablicos o privados, la verificaci\u00f3n en torno a la autenticidad y legitimidad de los certificados de incapacidad m\u00e9dica entregados por sus trabajadores, como resultado de la desconfianza generada por la pr\u00e1ctica perniciosa consistente en la compra, fabricaci\u00f3n o adulteraci\u00f3n de estos documentos.<\/p>\n\n\n\n<p>Frente a esta problem\u00e1tica que se ha diseminado por todo el pa\u00eds, el pasado 11 de agosto de 2025, el \u00d3rgano Ejecutivo emiti\u00f3 el Decreto Ejecutivo No. 17, de 11 de agosto de 2025, que tiene como objetivos esenciales regular <strong>i)<\/strong> las formalidades y condiciones para la expedici\u00f3n de los Certificados M\u00e9dicos de Incapacidad, as\u00ed como <strong>ii)<\/strong> el procedimiento de verificaci\u00f3n de autenticidad y validez de los certificados m\u00e9dicos de incapacidad, a fin de garantizar una adecuada gesti\u00f3n, seguimiento, control y trazabilidad de dichos certificados.<\/p>\n\n\n\n<p>El Decreto Ejecutivo No. 17 de 2025, establece que todo empleador que sospeche de una supuesta emisi\u00f3n fraudulenta de un certificado m\u00e9dico de incapacidad, podr\u00e1 presentar ante el Ministerio de Salud (MINSA), la siguiente documentaci\u00f3n para solicitar la verificaci\u00f3n de validez y autenticidad de un certificado m\u00e9dico de incapacidad: &nbsp;<\/p>\n\n\n\n<ol class=\"wp-block-list\">\n<li>Solicitud, que contenga los datos generales del solicitante, los datos personales del trabajador que present\u00f3 el certificado m\u00e9dico de incapacidad, as\u00ed como del doctor que emiti\u00f3 el documento;<\/li>\n\n\n\n<li>Nombre del establecimiento de salud o cl\u00ednica (p\u00fablica o <strong><u>privada<\/u><\/strong>) donde se expidi\u00f3 el certificado;<\/li>\n\n\n\n<li>Su ubicaci\u00f3n exacta, que debe incluir nombre del edificio, la calle, el sector, corregimiento, distrito, provincia, n\u00famero de tel\u00e9fono, etc.;<\/li>\n\n\n\n<li>Original del Certificado de Incapacidad o una copia autenticada ante Notario P\u00fablico Autorizado.<\/li>\n<\/ol>\n\n\n\n<p>El director (a) Regional de Salud responsable del \u00e1rea sanitaria, recibir\u00e1 la solicitud y le dar\u00e1 curso a la investigaci\u00f3n.<\/p>\n\n\n\n<div style=\"height:15px\" aria-hidden=\"true\" class=\"wp-block-spacer\"><\/div>\n\n\n\n<p>Adicionalmente, el Decreto Ejecutivo No. 17 establece que constituye una infracci\u00f3n o falta administrativa:<\/p>\n\n\n\n<ol class=\"wp-block-list\">\n<li>Expedir un certificado que no se ajuste a la realidad de la salud del paciente.<\/li>\n\n\n\n<li>El cobro o pago directo por la expedici\u00f3n de certificados de incapacidad, sin que medie una evaluaci\u00f3n adecuada del paciente por el m\u00e9dico.<\/li>\n\n\n\n<li>La expedici\u00f3n de un certificado de incapacidad m\u00e9dico, por una persona que no es m\u00e9dico ni odont\u00f3logo id\u00f3neo.<\/li>\n\n\n\n<li>La expedici\u00f3n de un certificado que no se haya realizado mediante documento preimpreso en formulario continuo, con numeraci\u00f3n continua y sucesiva.<\/li>\n\n\n\n<li>La expedici\u00f3n de un certificado que no contenga el n\u00famero de registro del m\u00e9dico.<\/li>\n\n\n\n<li>La expedici\u00f3n de un certificado que no contenga el nombre completo, direcci\u00f3n y tel\u00e9fono de la cl\u00ednica, hospital o instituci\u00f3n p\u00fablica o privada en la cual se expide el certificado.<\/li>\n\n\n\n<li>La expedici\u00f3n de un certificado que no indique la fecha y hora en que inicia y termina la incapacidad.<\/li>\n\n\n\n<li>La omisi\u00f3n por parte del m\u00e9dico u odont\u00f3logo de archivar copia del certificado expedido en el expediente del paciente en el establecimiento o instituci\u00f3n p\u00fablica o privada donde fue emitido.<\/li>\n<\/ol>\n\n\n\n<p>Los certificados m\u00e9dicos de incapacidad que no cumplan con lo establecido en el Decreto Ejecutivo No. 17, ser\u00e1n considerados como nulos, con todas las consecuencias legales correspondientes incluyendo, en materia laboral, la posibilidad de sancionar disciplinariamente al trabajador que present\u00f3 el certificado m\u00e9dico de incapacidad ileg\u00edtimo (despido con justa causa).<\/p>\n\n\n\n<p>En efecto, una vez obtenida la prueba en torno a la ilegitimidad del certificado m\u00e9dico, el empleador puede proceder, en forma segura, a despedir al trabajador con causa justa de naturaleza disciplinaria, sustentada en la falta de probidad y honradez del trabajador y\/o en un acto supuestamente delictivo cometido por \u00e9ste.<\/p>\n\n\n\n<p>Reiteramos que, con esta nueva normativa, se busca frenar la pr\u00e1ctica consistente en la obtenci\u00f3n fraudulenta de certificados m\u00e9dicos de incapacidad, reforzando los procesos de fiscalizaci\u00f3n y validaci\u00f3n de su emisi\u00f3n.<\/p>\n\n\n\n<div style=\"height:15px\" aria-hidden=\"true\" class=\"wp-block-spacer\"><\/div>\n\n\n\n<p><strong>\u00bfPor qu\u00e9 esto es importante para los empleadores?<\/strong><\/p>\n\n\n\n<p>El Decreto Ejecutivo No. 17 de 2025 ayudar\u00e1 a los empleadores ya que:<\/p>\n\n\n\n<ul class=\"wp-block-list\">\n<li>Les permite garantizar la legitimidad de las ausencias laborales justificadas por motivos de salud.<\/li>\n<\/ul>\n\n\n\n<ul class=\"wp-block-list\">\n<li>Contribuye a prevenir abusos del sistema.<\/li>\n<\/ul>\n\n\n\n<ul class=\"wp-block-list\">\n<li>Protege la productividad de la empresa.<\/li>\n<\/ul>\n\n\n\n<ul class=\"wp-block-list\">\n<li>Ayuda a \u201climpiar la casa\u201d, ya que permite identificar las irregularidades en la emisi\u00f3n de certificados m\u00e9dicos de incapacidad, ayudando a crear un ambiente de trabajo m\u00e1s eficiente.<\/li>\n<\/ul>\n\n\n\n<ul class=\"wp-block-list\">\n<li>Desalienta el \u201cjuega vivo\u201d por parte de los trabajadores y de las cl\u00ednicas o establecimientos de salud.<\/li>\n<\/ul>\n\n\n\n<div style=\"height:15px\" aria-hidden=\"true\" class=\"wp-block-spacer\"><\/div>\n\n\n\n<p><strong>Consideraciones finales<\/strong>.<\/p>\n\n\n\n<p>Antes de la vigencia del Decreto Ejecutivo No. 17, de 11 de agosto de 2025, los empleadores ya pod\u00edan investigar la autenticidad de un certificado m\u00e9dico de incapacidad, sobre todo si el documento cuestionado hab\u00eda sido emitido por un establecimiento de salud p\u00fablico, solicitando directamente a la Direcci\u00f3n M\u00e9dica de la Policl\u00ednica (CSS) o Centro de Salud (MINSA) que certifiquen la legitimidad o autenticidad del certificado m\u00e9dico de incapacidad.<\/p>\n\n\n\n<p>En efecto, las Direcciones M\u00e9dicas de los establecimientos de salud publicas sol\u00edan responder, en tiempo oportuno, las solicitudes de verificaci\u00f3n de autenticidad de certificados m\u00e9dicos de incapacidad, certificando por ejemplo que:<\/p>\n\n\n\n<ul class=\"wp-block-list\">\n<li>El certificado m\u00e9dico de incapacidad no fue elaborado por el Doctor indicado en el documento;<\/li>\n\n\n\n<li>La firma no corresponde a la del Doctor indicado en el certificado m\u00e9dico de incapacidad;<\/li>\n\n\n\n<li>La numeraci\u00f3n del certificado m\u00e9dico de incapacidad no corresponde a las libretas que maneja la Cl\u00ednica;<\/li>\n\n\n\n<li>\u00a0No existe evidencia o constancia que demuestre que el trabajador se atendi\u00f3 en la Cl\u00ednica en la fecha en la fue emitido el supuesto certificado m\u00e9dico de incapacidad.<\/li>\n<\/ul>\n\n\n\n<p>El verdadero problema de los empleadores consist\u00eda en obtener una respuesta oportuna y precisa por parte de las cl\u00ednicas privadas, sobre todo por parte de aquellas cl\u00ednicas de dudosa reputaci\u00f3n que son famosas por dedicarse, casi de manera exclusiva, a vender certificados m\u00e9dicos de incapacidad.<\/p>\n\n\n\n<p>Luego, consideramos que la ventaja del Decreto Ejecutivo No. 17, de 11 de agosto de 2025, consiste en la posibilidad de verificar la autenticidad del certificado m\u00e9dico de incapacidad proveniente de cl\u00ednicas privadas, sobre todo aquellas de dudosa reputaci\u00f3n.<\/p>\n\n\n\n<div style=\"height:15px\" aria-hidden=\"true\" class=\"wp-block-spacer\"><\/div>\n\n\n\n<p class=\"has-text-color has-link-color wp-elements-5d6975d0ea1809d59594002a93e546b4\" style=\"color:#8d0e57\"><strong><u>Caducidad del derecho a despedir.<\/u><\/strong><\/p>\n\n\n\n<p>El Art\u00edculo 13 del C\u00f3digo de Trabajo, dispone que el derecho del empleador a despedir al trabajador con causa justa caduca en el plazo de dos (2) meses contados a partir de la fecha en la que el trabajador cometi\u00f3 la falta o faltas que justifican su despido.<\/p>\n\n\n\n<p>Esta misma norma se\u00f1ala, adem\u00e1s, que cuando la falta cometida por el trabajador constituya un delito, el plazo de dos (2) meses para despedir al trabajador no correr\u00e1 desde la fecha en la que el trabajador cometi\u00f3 la falta sino a partir de la fecha en la que el empleador tuvo conocimiento de la falta.<\/p>\n\n\n\n<div style=\"height:15px\" aria-hidden=\"true\" class=\"wp-block-spacer\"><\/div>\n\n\n\n<p><strong>\u00bfCu\u00e1ndo el empleador adquiere el conocimiento de la falta?<\/strong><\/p>\n\n\n\n<p>A nuestro criterio, cuando recibe la certificaci\u00f3n de la Cl\u00ednica p\u00fablica o privada que acredita que el certificado m\u00e9dico de incapacidad presentado por el trabajador no es leg\u00edtimo.<\/p>\n\n\n\n<div style=\"height:15px\" aria-hidden=\"true\" class=\"wp-block-spacer\"><\/div>\n\n\n\n<p><strong>\u00bfEl empleador debe o no debe pagar los d\u00edas de incapacidad indicados en el certificado de incapacidad cuestionado?<\/strong><\/p>\n\n\n\n<p>Nuestra recomendaci\u00f3n para el empleador es que proceda a pagar los d\u00edas de incapacidad identificados en el certificado m\u00e9dico de incapacidad, a\u00fan en el evento en el que este certificado m\u00e9dico est\u00e9 alterado, sea notoriamente falso o existan razonables sospechas de que se trata de un certificado m\u00e9dico de incapacidad fabricado e ileg\u00edtimo.<\/p>\n\n\n\n<div style=\"height:15px\" aria-hidden=\"true\" class=\"wp-block-spacer\"><\/div>\n\n\n\n<p><strong>\u00bfPor qu\u00e9?<\/strong><\/p>\n\n\n\n<p>Porque ello reforzar\u00e1 la teor\u00eda y la misma prueba del enga\u00f1o del trabajador, en caso de recibir una respuesta positiva por parte de la Cl\u00ednica p\u00fablica o privada; en efecto, <strong>i)<\/strong> si se comprueba la ilegitimidad del certificado m\u00e9dico de incapacidad, y, adem\u00e1s, <strong>ii)<\/strong> si el empleador pag\u00f3 los d\u00edas de incapacidad mencionados en el certificado m\u00e9dico de incapacidad, ello fortalece la teor\u00eda del acto deshonesto por parte del trabajador, en el sentido de enga\u00f1ar a su empleador y pretender cobrar salario, <strong><u>como efectivamente cobr\u00f3<\/u><\/strong>, por uno o m\u00e1s d\u00edas de incapacidad ficticios porque, en realidad, se tratan de ausencias injustificadas que el trabajador pretendi\u00f3 disfrazar de legalidad a trav\u00e9s la presentaci\u00f3n de un certificado m\u00e9dico de incapacidad ileg\u00edtimo.<\/p>\n\n\n\n<p><\/p>\n","protected":false},"excerpt":{"rendered":"<p>Una respuesta al abuso en la compra o fabricaci\u00f3n de certificados m\u00e9dicos de incapacidad Por: Estefan\u00eda Guardia En<span class=\"excerpt-hellip\"> [\u2026]<\/span><\/p>\n","protected":false},"author":5,"featured_media":26510,"comment_status":"open","ping_status":"open","sticky":false,"template":"","format":"standard","meta":{"_joinchat":[],"footnotes":""},"categories":[1173,569],"tags":[1299,1301,941,800],"class_list":["post-26511","post","type-post","status-publish","format-standard","has-post-thumbnail","hentry","category-noticias-2","category-sin-categorizar","tag-2025-2-es","tag-estefania-guardia-3-es","tag-labor-es","tag-panama-es"],"yoast_head":"<!-- This site is optimized with the Yoast SEO Premium plugin v27.4 (Yoast SEO v27.5) - https:\/\/yoast.com\/product\/yoast-seo-premium-wordpress\/ -->\n<title>Decreto Ejecutivo No. 17 de 2025 - Certificados M\u00e9dicos de Incapacidad - Icaza, Gonz\u00e1lez-Ruiz &amp; Alem\u00e1n<\/title>\n<meta name=\"description\" content=\"El Decreto Ejecutivo No. 17 de 2025 combate el fraude en certificados m\u00e9dicos de incapacidad en Panam\u00e1, reforzando verificaci\u00f3n y control.\" \/>\n<meta name=\"robots\" content=\"index, follow, max-snippet:-1, max-image-preview:large, max-video-preview:-1\" \/>\n<link rel=\"canonical\" href=\"https:\/\/icazalaw.com\/es\/2025\/09\/decreto-ejecutivo-no-17-de-2025-certificados-medicos-de-incapacidad\/\" \/>\n<meta property=\"og:locale\" content=\"es_ES\" \/>\n<meta property=\"og:type\" content=\"article\" \/>\n<meta property=\"og:title\" content=\"Decreto Ejecutivo No. 17 de 2025 - Certificados M\u00e9dicos de Incapacidad\" \/>\n<meta property=\"og:description\" content=\"El Decreto Ejecutivo No. 17 de 2025 combate el fraude en certificados m\u00e9dicos de incapacidad en Panam\u00e1, reforzando verificaci\u00f3n y control.\" \/>\n<meta property=\"og:url\" content=\"https:\/\/icazalaw.com\/es\/2025\/09\/decreto-ejecutivo-no-17-de-2025-certificados-medicos-de-incapacidad\/\" \/>\n<meta property=\"og:site_name\" content=\"Icaza, Gonz\u00e1lez-Ruiz &amp; Alem\u00e1n\" \/>\n<meta property=\"article:published_time\" content=\"2025-09-02T17:00:56+00:00\" \/>\n<meta property=\"article:modified_time\" content=\"2025-09-02T17:55:56+00:00\" \/>\n<meta property=\"og:image\" content=\"https:\/\/icazalaw.com\/wp-content\/uploads\/2025\/09\/Templates-para-LinkedIn.png\" \/>\n\t<meta property=\"og:image:width\" content=\"1200\" \/>\n\t<meta property=\"og:image:height\" content=\"1200\" \/>\n\t<meta property=\"og:image:type\" content=\"image\/png\" \/>\n<meta name=\"author\" content=\"Zared Tempro\" \/>\n<meta name=\"twitter:card\" content=\"summary_large_image\" \/>\n<meta name=\"twitter:label1\" content=\"Escrito por\" \/>\n\t<meta name=\"twitter:data1\" content=\"Zared Tempro\" \/>\n\t<meta name=\"twitter:label2\" content=\"Tiempo de lectura\" \/>\n\t<meta name=\"twitter:data2\" content=\"7 minutos\" \/>\n<script type=\"application\/ld+json\" class=\"yoast-schema-graph\">{\"@context\":\"https:\\\/\\\/schema.org\",\"@graph\":[{\"@type\":\"Article\",\"@id\":\"https:\\\/\\\/icazalaw.com\\\/es\\\/2025\\\/09\\\/decreto-ejecutivo-no-17-de-2025-certificados-medicos-de-incapacidad\\\/#article\",\"isPartOf\":{\"@id\":\"https:\\\/\\\/icazalaw.com\\\/es\\\/2025\\\/09\\\/decreto-ejecutivo-no-17-de-2025-certificados-medicos-de-incapacidad\\\/\"},\"author\":{\"name\":\"Zared Tempro\",\"@id\":\"https:\\\/\\\/icazalaw.com\\\/es\\\/#\\\/schema\\\/person\\\/5a8dc0742271bba10a41795b3d3fc328\"},\"headline\":\"Decreto Ejecutivo No. 17 de 2025 &#8211; Certificados M\u00e9dicos de Incapacidad\",\"datePublished\":\"2025-09-02T17:00:56+00:00\",\"dateModified\":\"2025-09-02T17:55:56+00:00\",\"mainEntityOfPage\":{\"@id\":\"https:\\\/\\\/icazalaw.com\\\/es\\\/2025\\\/09\\\/decreto-ejecutivo-no-17-de-2025-certificados-medicos-de-incapacidad\\\/\"},\"wordCount\":1440,\"commentCount\":0,\"image\":{\"@id\":\"https:\\\/\\\/icazalaw.com\\\/es\\\/2025\\\/09\\\/decreto-ejecutivo-no-17-de-2025-certificados-medicos-de-incapacidad\\\/#primaryimage\"},\"thumbnailUrl\":\"https:\\\/\\\/icazalaw.com\\\/wp-content\\\/uploads\\\/2025\\\/09\\\/Templates-para-LinkedIn.png\",\"keywords\":[\"2025\",\"Estefania Guardia\",\"Labor\",\"Panama\"],\"articleSection\":[\"Noticias\",\"Sin categorizar\"],\"inLanguage\":\"es\",\"potentialAction\":[{\"@type\":\"CommentAction\",\"name\":\"Comment\",\"target\":[\"https:\\\/\\\/icazalaw.com\\\/es\\\/2025\\\/09\\\/decreto-ejecutivo-no-17-de-2025-certificados-medicos-de-incapacidad\\\/#respond\"]}]},{\"@type\":\"WebPage\",\"@id\":\"https:\\\/\\\/icazalaw.com\\\/es\\\/2025\\\/09\\\/decreto-ejecutivo-no-17-de-2025-certificados-medicos-de-incapacidad\\\/\",\"url\":\"https:\\\/\\\/icazalaw.com\\\/es\\\/2025\\\/09\\\/decreto-ejecutivo-no-17-de-2025-certificados-medicos-de-incapacidad\\\/\",\"name\":\"Decreto Ejecutivo No. 17 de 2025 - Certificados M\u00e9dicos de Incapacidad - Icaza, Gonz\u00e1lez-Ruiz &amp; Alem\u00e1n\",\"isPartOf\":{\"@id\":\"https:\\\/\\\/icazalaw.com\\\/es\\\/#website\"},\"primaryImageOfPage\":{\"@id\":\"https:\\\/\\\/icazalaw.com\\\/es\\\/2025\\\/09\\\/decreto-ejecutivo-no-17-de-2025-certificados-medicos-de-incapacidad\\\/#primaryimage\"},\"image\":{\"@id\":\"https:\\\/\\\/icazalaw.com\\\/es\\\/2025\\\/09\\\/decreto-ejecutivo-no-17-de-2025-certificados-medicos-de-incapacidad\\\/#primaryimage\"},\"thumbnailUrl\":\"https:\\\/\\\/icazalaw.com\\\/wp-content\\\/uploads\\\/2025\\\/09\\\/Templates-para-LinkedIn.png\",\"datePublished\":\"2025-09-02T17:00:56+00:00\",\"dateModified\":\"2025-09-02T17:55:56+00:00\",\"author\":{\"@id\":\"https:\\\/\\\/icazalaw.com\\\/es\\\/#\\\/schema\\\/person\\\/5a8dc0742271bba10a41795b3d3fc328\"},\"description\":\"El Decreto Ejecutivo No. 17 de 2025 combate el fraude en certificados m\u00e9dicos de incapacidad en Panam\u00e1, reforzando verificaci\u00f3n y control.\",\"breadcrumb\":{\"@id\":\"https:\\\/\\\/icazalaw.com\\\/es\\\/2025\\\/09\\\/decreto-ejecutivo-no-17-de-2025-certificados-medicos-de-incapacidad\\\/#breadcrumb\"},\"inLanguage\":\"es\",\"potentialAction\":[{\"@type\":\"ReadAction\",\"target\":[\"https:\\\/\\\/icazalaw.com\\\/es\\\/2025\\\/09\\\/decreto-ejecutivo-no-17-de-2025-certificados-medicos-de-incapacidad\\\/\"]}]},{\"@type\":\"ImageObject\",\"inLanguage\":\"es\",\"@id\":\"https:\\\/\\\/icazalaw.com\\\/es\\\/2025\\\/09\\\/decreto-ejecutivo-no-17-de-2025-certificados-medicos-de-incapacidad\\\/#primaryimage\",\"url\":\"https:\\\/\\\/icazalaw.com\\\/wp-content\\\/uploads\\\/2025\\\/09\\\/Templates-para-LinkedIn.png\",\"contentUrl\":\"https:\\\/\\\/icazalaw.com\\\/wp-content\\\/uploads\\\/2025\\\/09\\\/Templates-para-LinkedIn.png\",\"width\":1200,\"height\":1200},{\"@type\":\"BreadcrumbList\",\"@id\":\"https:\\\/\\\/icazalaw.com\\\/es\\\/2025\\\/09\\\/decreto-ejecutivo-no-17-de-2025-certificados-medicos-de-incapacidad\\\/#breadcrumb\",\"itemListElement\":[{\"@type\":\"ListItem\",\"position\":1,\"name\":\"Home\",\"item\":\"https:\\\/\\\/icazalaw.com\\\/es\\\/\"},{\"@type\":\"ListItem\",\"position\":2,\"name\":\"Decreto Ejecutivo No. 17 de 2025 &#8211; Certificados M\u00e9dicos de Incapacidad\"}]},{\"@type\":\"WebSite\",\"@id\":\"https:\\\/\\\/icazalaw.com\\\/es\\\/#website\",\"url\":\"https:\\\/\\\/icazalaw.com\\\/es\\\/\",\"name\":\"Icaza, Gonz\u00e1lez-Ruiz &amp; Alem\u00e1n\",\"description\":\"Full-service law firm providing practical legal solutions to corporate and private clients worldwide.\",\"alternateName\":\"IGRA Attorneys\",\"potentialAction\":[{\"@type\":\"SearchAction\",\"target\":{\"@type\":\"EntryPoint\",\"urlTemplate\":\"https:\\\/\\\/icazalaw.com\\\/es\\\/?s={search_term_string}\"},\"query-input\":{\"@type\":\"PropertyValueSpecification\",\"valueRequired\":true,\"valueName\":\"search_term_string\"}}],\"inLanguage\":\"es\"},{\"@type\":\"Person\",\"@id\":\"https:\\\/\\\/icazalaw.com\\\/es\\\/#\\\/schema\\\/person\\\/5a8dc0742271bba10a41795b3d3fc328\",\"name\":\"Zared Tempro\",\"image\":{\"@type\":\"ImageObject\",\"inLanguage\":\"es\",\"@id\":\"https:\\\/\\\/secure.gravatar.com\\\/avatar\\\/0d4341eb0c2fcda0f1a8b76fffaf308f703c3d49cf70db076d389f6a81cb3223?s=96&d=mm&r=g\",\"url\":\"https:\\\/\\\/secure.gravatar.com\\\/avatar\\\/0d4341eb0c2fcda0f1a8b76fffaf308f703c3d49cf70db076d389f6a81cb3223?s=96&d=mm&r=g\",\"contentUrl\":\"https:\\\/\\\/secure.gravatar.com\\\/avatar\\\/0d4341eb0c2fcda0f1a8b76fffaf308f703c3d49cf70db076d389f6a81cb3223?s=96&d=mm&r=g\",\"caption\":\"Zared Tempro\"},\"url\":\"https:\\\/\\\/icazalaw.com\\\/es\\\/author\\\/ztempro\\\/\"}]}<\/script>\n<!-- \/ Yoast SEO Premium plugin. -->","yoast_head_json":{"title":"Decreto Ejecutivo No. 17 de 2025 - Certificados M\u00e9dicos de Incapacidad - Icaza, Gonz\u00e1lez-Ruiz &amp; Alem\u00e1n","description":"El Decreto Ejecutivo No. 17 de 2025 combate el fraude en certificados m\u00e9dicos de incapacidad en Panam\u00e1, reforzando verificaci\u00f3n y control.","robots":{"index":"index","follow":"follow","max-snippet":"max-snippet:-1","max-image-preview":"max-image-preview:large","max-video-preview":"max-video-preview:-1"},"canonical":"https:\/\/icazalaw.com\/es\/2025\/09\/decreto-ejecutivo-no-17-de-2025-certificados-medicos-de-incapacidad\/","og_locale":"es_ES","og_type":"article","og_title":"Decreto Ejecutivo No. 17 de 2025 - Certificados M\u00e9dicos de Incapacidad","og_description":"El Decreto Ejecutivo No. 17 de 2025 combate el fraude en certificados m\u00e9dicos de incapacidad en Panam\u00e1, reforzando verificaci\u00f3n y control.","og_url":"https:\/\/icazalaw.com\/es\/2025\/09\/decreto-ejecutivo-no-17-de-2025-certificados-medicos-de-incapacidad\/","og_site_name":"Icaza, Gonz\u00e1lez-Ruiz &amp; Alem\u00e1n","article_published_time":"2025-09-02T17:00:56+00:00","article_modified_time":"2025-09-02T17:55:56+00:00","og_image":[{"width":1200,"height":1200,"url":"https:\/\/icazalaw.com\/wp-content\/uploads\/2025\/09\/Templates-para-LinkedIn.png","type":"image\/png"}],"author":"Zared Tempro","twitter_card":"summary_large_image","twitter_misc":{"Escrito por":"Zared Tempro","Tiempo de lectura":"7 minutos"},"schema":{"@context":"https:\/\/schema.org","@graph":[{"@type":"Article","@id":"https:\/\/icazalaw.com\/es\/2025\/09\/decreto-ejecutivo-no-17-de-2025-certificados-medicos-de-incapacidad\/#article","isPartOf":{"@id":"https:\/\/icazalaw.com\/es\/2025\/09\/decreto-ejecutivo-no-17-de-2025-certificados-medicos-de-incapacidad\/"},"author":{"name":"Zared Tempro","@id":"https:\/\/icazalaw.com\/es\/#\/schema\/person\/5a8dc0742271bba10a41795b3d3fc328"},"headline":"Decreto Ejecutivo No. 17 de 2025 &#8211; Certificados M\u00e9dicos de Incapacidad","datePublished":"2025-09-02T17:00:56+00:00","dateModified":"2025-09-02T17:55:56+00:00","mainEntityOfPage":{"@id":"https:\/\/icazalaw.com\/es\/2025\/09\/decreto-ejecutivo-no-17-de-2025-certificados-medicos-de-incapacidad\/"},"wordCount":1440,"commentCount":0,"image":{"@id":"https:\/\/icazalaw.com\/es\/2025\/09\/decreto-ejecutivo-no-17-de-2025-certificados-medicos-de-incapacidad\/#primaryimage"},"thumbnailUrl":"https:\/\/icazalaw.com\/wp-content\/uploads\/2025\/09\/Templates-para-LinkedIn.png","keywords":["2025","Estefania Guardia","Labor","Panama"],"articleSection":["Noticias","Sin categorizar"],"inLanguage":"es","potentialAction":[{"@type":"CommentAction","name":"Comment","target":["https:\/\/icazalaw.com\/es\/2025\/09\/decreto-ejecutivo-no-17-de-2025-certificados-medicos-de-incapacidad\/#respond"]}]},{"@type":"WebPage","@id":"https:\/\/icazalaw.com\/es\/2025\/09\/decreto-ejecutivo-no-17-de-2025-certificados-medicos-de-incapacidad\/","url":"https:\/\/icazalaw.com\/es\/2025\/09\/decreto-ejecutivo-no-17-de-2025-certificados-medicos-de-incapacidad\/","name":"Decreto Ejecutivo No. 17 de 2025 - Certificados M\u00e9dicos de Incapacidad - Icaza, Gonz\u00e1lez-Ruiz &amp; Alem\u00e1n","isPartOf":{"@id":"https:\/\/icazalaw.com\/es\/#website"},"primaryImageOfPage":{"@id":"https:\/\/icazalaw.com\/es\/2025\/09\/decreto-ejecutivo-no-17-de-2025-certificados-medicos-de-incapacidad\/#primaryimage"},"image":{"@id":"https:\/\/icazalaw.com\/es\/2025\/09\/decreto-ejecutivo-no-17-de-2025-certificados-medicos-de-incapacidad\/#primaryimage"},"thumbnailUrl":"https:\/\/icazalaw.com\/wp-content\/uploads\/2025\/09\/Templates-para-LinkedIn.png","datePublished":"2025-09-02T17:00:56+00:00","dateModified":"2025-09-02T17:55:56+00:00","author":{"@id":"https:\/\/icazalaw.com\/es\/#\/schema\/person\/5a8dc0742271bba10a41795b3d3fc328"},"description":"El Decreto Ejecutivo No. 17 de 2025 combate el fraude en certificados m\u00e9dicos de incapacidad en Panam\u00e1, reforzando verificaci\u00f3n y control.","breadcrumb":{"@id":"https:\/\/icazalaw.com\/es\/2025\/09\/decreto-ejecutivo-no-17-de-2025-certificados-medicos-de-incapacidad\/#breadcrumb"},"inLanguage":"es","potentialAction":[{"@type":"ReadAction","target":["https:\/\/icazalaw.com\/es\/2025\/09\/decreto-ejecutivo-no-17-de-2025-certificados-medicos-de-incapacidad\/"]}]},{"@type":"ImageObject","inLanguage":"es","@id":"https:\/\/icazalaw.com\/es\/2025\/09\/decreto-ejecutivo-no-17-de-2025-certificados-medicos-de-incapacidad\/#primaryimage","url":"https:\/\/icazalaw.com\/wp-content\/uploads\/2025\/09\/Templates-para-LinkedIn.png","contentUrl":"https:\/\/icazalaw.com\/wp-content\/uploads\/2025\/09\/Templates-para-LinkedIn.png","width":1200,"height":1200},{"@type":"BreadcrumbList","@id":"https:\/\/icazalaw.com\/es\/2025\/09\/decreto-ejecutivo-no-17-de-2025-certificados-medicos-de-incapacidad\/#breadcrumb","itemListElement":[{"@type":"ListItem","position":1,"name":"Home","item":"https:\/\/icazalaw.com\/es\/"},{"@type":"ListItem","position":2,"name":"Decreto Ejecutivo No. 17 de 2025 &#8211; Certificados M\u00e9dicos de Incapacidad"}]},{"@type":"WebSite","@id":"https:\/\/icazalaw.com\/es\/#website","url":"https:\/\/icazalaw.com\/es\/","name":"Icaza, Gonz\u00e1lez-Ruiz &amp; Alem\u00e1n","description":"Full-service law firm providing practical legal solutions to corporate and private clients worldwide.","alternateName":"IGRA Attorneys","potentialAction":[{"@type":"SearchAction","target":{"@type":"EntryPoint","urlTemplate":"https:\/\/icazalaw.com\/es\/?s={search_term_string}"},"query-input":{"@type":"PropertyValueSpecification","valueRequired":true,"valueName":"search_term_string"}}],"inLanguage":"es"},{"@type":"Person","@id":"https:\/\/icazalaw.com\/es\/#\/schema\/person\/5a8dc0742271bba10a41795b3d3fc328","name":"Zared Tempro","image":{"@type":"ImageObject","inLanguage":"es","@id":"https:\/\/secure.gravatar.com\/avatar\/0d4341eb0c2fcda0f1a8b76fffaf308f703c3d49cf70db076d389f6a81cb3223?s=96&d=mm&r=g","url":"https:\/\/secure.gravatar.com\/avatar\/0d4341eb0c2fcda0f1a8b76fffaf308f703c3d49cf70db076d389f6a81cb3223?s=96&d=mm&r=g","contentUrl":"https:\/\/secure.gravatar.com\/avatar\/0d4341eb0c2fcda0f1a8b76fffaf308f703c3d49cf70db076d389f6a81cb3223?s=96&d=mm&r=g","caption":"Zared Tempro"},"url":"https:\/\/icazalaw.com\/es\/author\/ztempro\/"}]}},"_links":{"self":[{"href":"https:\/\/icazalaw.com\/es\/wp-json\/wp\/v2\/posts\/26511","targetHints":{"allow":["GET"]}}],"collection":[{"href":"https:\/\/icazalaw.com\/es\/wp-json\/wp\/v2\/posts"}],"about":[{"href":"https:\/\/icazalaw.com\/es\/wp-json\/wp\/v2\/types\/post"}],"author":[{"embeddable":true,"href":"https:\/\/icazalaw.com\/es\/wp-json\/wp\/v2\/users\/5"}],"replies":[{"embeddable":true,"href":"https:\/\/icazalaw.com\/es\/wp-json\/wp\/v2\/comments?post=26511"}],"version-history":[{"count":4,"href":"https:\/\/icazalaw.com\/es\/wp-json\/wp\/v2\/posts\/26511\/revisions"}],"predecessor-version":[{"id":26515,"href":"https:\/\/icazalaw.com\/es\/wp-json\/wp\/v2\/posts\/26511\/revisions\/26515"}],"wp:featuredmedia":[{"embeddable":true,"href":"https:\/\/icazalaw.com\/es\/wp-json\/wp\/v2\/media\/26510"}],"wp:attachment":[{"href":"https:\/\/icazalaw.com\/es\/wp-json\/wp\/v2\/media?parent=26511"}],"wp:term":[{"taxonomy":"category","embeddable":true,"href":"https:\/\/icazalaw.com\/es\/wp-json\/wp\/v2\/categories?post=26511"},{"taxonomy":"post_tag","embeddable":true,"href":"https:\/\/icazalaw.com\/es\/wp-json\/wp\/v2\/tags?post=26511"}],"curies":[{"name":"wp","href":"https:\/\/api.w.org\/{rel}","templated":true}]}}